{"id":166470,"date":"2024-10-21T16:03:31","date_gmt":"2024-10-21T21:03:31","guid":{"rendered":"https:\/\/sunyouth.org\/?p=166470"},"modified":"2024-10-25T08:24:38","modified_gmt":"2024-10-25T13:24:38","slug":"pelletee-de-terre","status":"publish","type":"post","link":"https:\/\/sunyouth.org\/fr\/pelletee-de-terre\/","title":{"rendered":"Pellet\u00e9e de terre"},"content":{"rendered":"<div class=\"wpb-content-wrapper\"><p>[vc_row][vc_column][vc_column_text css=\u00a0\u00bb\u00a0\u00bb]Fini l&rsquo;attente!<\/p>\n<p>Apr\u00e8s des ann\u00e9es de r\u00eave, de questionnement, de planification, de calculs et oui, de collecte de fonds, Jeunesse au soleil a c\u00e9l\u00e9br\u00e9 cet apr\u00e8s-midi la premi\u00e8re pellet\u00e9e officielle de sa future demeure qui portera les noms de Mirella et Lino Saputo, grands philanthropes montr\u00e9alais.<\/p>\n<p>En compagnie de notre d\u00e9put\u00e9e f\u00e9d\u00e9rale d&rsquo;Outremont, madame Rachel Bendayan, nos co-pr\u00e9sidents de campagne madame Lucy Riddell et monsieur Claude Mongeau, notre pr\u00e9sident de CA, Renzo Fraraccio, et pr\u00e9sident sortant du CA de la Fondation, Dimitri Manolopoulos, nous ont rappel\u00e9 la raison d&rsquo;\u00eatre de ce projet transformateur, tant pour Jeunesse au soleil que pour sa client\u00e8le et la communaut\u00e9.<\/p>\n<p>Nous avons parcouru un long chemin depuis ao\u00fbt 2022, lorsque la d\u00e9put\u00e9e d&rsquo;Outremont Rachel Bendayan a annonc\u00e9 un financement f\u00e9d\u00e9ral de plus de 10 millions de dollars dans le cadre du Programme des b\u00e2timents communautaires \u00e9cologiques et inclusifs d&rsquo;<a href=\"https:\/\/www.infrastructure.gc.ca\/\">Infrastructure Canada<\/a>. Mme Bendayan \u00e9tait heureuse de partager ce moment avec nous.[\/vc_column_text][vc_row_inner][vc_column_inner width=\u00a0\u00bb1\/2&Prime;][vc_column_text css=\u00a0\u00bb\u00a0\u00bb]<span style=\"color: #55555; font-size: 25px; line-height: 35px;\"><em>\u00ab Le premier \u00e9v\u00e9nement que j&rsquo;ai eu la chance d&rsquo;organiser \u00e0 l&rsquo;\u00e9cole secondaire, \u00e9tait une collecte d&rsquo;aliments pour Jeunesse au soleil. J&rsquo;avais rencontr\u00e9 Sid Stevens dans son bureau et j&rsquo;\u00e9tais si fi\u00e8re de lui montrer les bo\u00eetes de nourriture que j&rsquo;avais collect\u00e9es. Sid m&rsquo;a inspir\u00e9 comme il vous a tous inspir\u00e9s. Sid (Earl) et Johanne ont d\u00e9cid\u00e9 de consacrer leur vie \u00e0 Jeunesse au Soleil parce qu&rsquo;aider les Montr\u00e9alais est ce qui compte le plus pour eux.<\/em><\/span><\/p>\n<p><span style=\"color: #55555; font-size: 25px; line-height: 35px;\"><em> <strong>&#8211; Rachel Bendayan<\/strong><\/em><\/span>[\/vc_column_text][\/vc_column_inner][vc_column_inner width=\u00a0\u00bb1\/2&Prime;][vc_single_image image=\u00a0\u00bb166459&Prime; img_size=\u00a0\u00bb400&#215;400&Prime; css=\u00a0\u00bb\u00a0\u00bb][\/vc_column_inner][\/vc_row_inner][\/vc_column][\/vc_row][vc_row][vc_column][vc_column_text css=\u00a0\u00bb\u00a0\u00bb]Nos copr\u00e9sidents ont pris le temps de remercier tous les g\u00e9n\u00e9reux b\u00e9n\u00e9voles et donateurs de la campagne. Mme Riddell a d\u00e9clar\u00e9 : \u00ab S&rsquo;il est vrai que Claude et moi avons pr\u00e9sid\u00e9 la campagne majeure de d\u00e9veloppement, les 15,9 millions de dollars recueillis \u00e0 ce jour <em>&#8211; qui d\u00e9passent nos attentes et nous encouragent \u00e0 faire encore plus &#8211;<\/em> n&rsquo;auraient pas \u00e9t\u00e9 possibles sans le travail d&rsquo;un groupe de g\u00e9n\u00e9reux b\u00e9n\u00e9voles. \u00bb[\/vc_column_text][vc_empty_space][vc_row_inner][vc_column_inner width=\u00a0\u00bb1\/2&Prime;][vc_single_image image=\u00a0\u00bb166461&Prime; img_size=\u00a0\u00bb400&#215;400&Prime; css=\u00a0\u00bb\u00a0\u00bb][\/vc_column_inner][vc_column_inner width=\u00a0\u00bb1\/2&Prime;][vc_column_text css=\u00a0\u00bb\u00a0\u00bb]<span style=\"color: #55555; font-size: 25px; line-height: 35px;\"><em>\u00ab Pourquoi cet \u00e9difice nous tient tant \u00e0 c\u0153ur? Il servira non seulement \u00e0 Jeunesse au soleil mais \u00e0 d\u2019autres organismes, cr\u00e9ant ainsi une incroyable synergie communautaire. Notre ambition est d\u2019en faire un carrefour qui servira de levier. Si Jeunesse au soleil travaille d\u00e9j\u00e0 main dans la main avec plusieurs organismes et regroupements communautaires, ceci sera d\u00e9cupl\u00e9. \u00bb<\/em><\/span><\/p>\n<p><span style=\"color: #55555; font-size: 25px; line-height: 35px;\"><em><strong>&#8211; Claude Mongeau et Lucy Riddell<\/strong><\/em><\/span>[\/vc_column_text][\/vc_column_inner][\/vc_row_inner][vc_row_inner][vc_column_inner][vc_column_text css=\u00a0\u00bb\u00a0\u00bb]Ce fut un moment \u00e9mouvant pour tous ceux et celles qui ont vou\u00e9 tant de temps et d\u2019\u00e9nergie au fil des ans pour l\u2019organisation et le projet. Quel bonheur que d\u2019avoir pu partager notre fiert\u00e9 avec les diverses entreprises qui nous accompagnent dans cette belle aventure,\u00a0<strong><a href=\"https:\/\/www.kanva.ca\/en\/architecture\/jeunesse-au-soleil\" target=\"_blank\" rel=\"noopener\">Kanva Architecture<\/a>,\u00a0<a href=\"https:\/\/www.jcb.ca\/\">JCB Construction<\/a>,\u00a0<a href=\"https:\/\/legicochp.com\/\">Legico Consultants<\/a>,\u00a0<a href=\"https:\/\/www.lerouxcyr.com\/\">la firme d\u2019ing\u00e9nierie Leroux-Cyr<\/a>,\u00a0<a href=\"https:\/\/demospec.ca\/\">Demospec<\/a>\u00a0<a href=\"https:\/\/bpa.ca\/fr\/\">et BPA.\u00a0<\/a><\/strong><\/p>\n<p>Nos jeunes athl\u00e8tes \u00e9taient aussi sur place afin de repr\u00e9senter le bel avenir qui nous attend dans notre nouvelle maison d\u2019ici 2026.<\/p>\n<p>Un \u00e9norme merci aussi \u00e0 nos futurs voisins l\u2019entreprise d\u2019insertion les\u00a0<strong><a href=\"https:\/\/petitesmains.com\/\">Petites Mains<\/a><\/strong>\u00a0pour le d\u00e9licieux repas-traiteur.[\/vc_column_text][\/vc_column_inner][\/vc_row_inner][vc_single_image image=\u00a0\u00bb166465&Prime; img_size=\u00a0\u00bbfull\u00a0\u00bb css=\u00a0\u00bb\u00a0\u00bb][\/vc_column][\/vc_row]<\/p>\n<\/div>","protected":false},"excerpt":{"rendered":"<p>[vc_row][vc_column][vc_column_text css=\u00a0\u00bb\u00a0\u00bb]Fini l&rsquo;attente! Apr\u00e8s des ann\u00e9es de r\u00eave, de questionnement, de planification, de calculs et oui, de collecte de fonds, Jeunesse au&#8230;<\/p>\n","protected":false},"author":32,"featured_media":166463,"comment_status":"closed","ping_status":"closed","sticky":false,"template":"","format":"standard","meta":{"_acf_changed":false,"_monsterinsights_skip_tracking":false,"_monsterinsights_sitenote_active":false,"_monsterinsights_sitenote_note":"","_monsterinsights_sitenote_category":0,"footnotes":""},"categories":[622],"tags":[],"class_list":{"0":"post-166470","1":"post","2":"type-post","3":"status-publish","4":"format-standard","5":"has-post-thumbnail","7":"category-nouveau-batiment"},"acf":[],"yoast_head":"<!-- This site is optimized with the Yoast SEO plugin v27.4 - https:\/\/yoast.com\/product\/yoast-seo-wordpress\/ -->\n<title>Pellet\u00e9e de terre - Jeunesse au soleil<\/title>\n<meta name=\"robots\" content=\"index, follow, max-snippet:-1, max-image-preview:large, max-video-preview:-1\" \/>\n<link rel=\"canonical\" href=\"https:\/\/sunyouth.org\/fr\/pelletee-de-terre\/\" \/>\n<meta property=\"og:locale\" content=\"fr_FR\" \/>\n<meta property=\"og:type\" content=\"article\" \/>\n<meta property=\"og:title\" content=\"Pellet\u00e9e de terre - Jeunesse au soleil\" \/>\n<meta property=\"og:description\" content=\"[vc_row][vc_column][vc_column_text css=\u00a0\u00bb\u00a0\u00bb]Fini l&rsquo;attente! Apr\u00e8s des ann\u00e9es de r\u00eave, de questionnement, de planification, de calculs et oui, de collecte de fonds, Jeunesse au...\" \/>\n<meta property=\"og:url\" content=\"https:\/\/sunyouth.org\/fr\/pelletee-de-terre\/\" \/>\n<meta property=\"og:site_name\" content=\"Jeunesse au soleil\" \/>\n<meta property=\"article:published_time\" content=\"2024-10-21T21:03:31+00:00\" \/>\n<meta property=\"article:modified_time\" content=\"2024-10-25T13:24:38+00:00\" \/>\n<meta property=\"og:image\" content=\"https:\/\/sunyouth.org\/wp-content\/uploads\/2024\/10\/1H1A7236-e1729534734806.jpg\" \/>\n\t<meta property=\"og:image:width\" content=\"2048\" \/>\n\t<meta property=\"og:image:height\" content=\"1092\" \/>\n\t<meta property=\"og:image:type\" content=\"image\/jpeg\" \/>\n<meta name=\"author\" content=\"ann.st.arnaud@jas-sy.org\" \/>\n<meta name=\"twitter:card\" content=\"summary_large_image\" \/>\n<meta name=\"twitter:label1\" content=\"\u00c9crit par\" \/>\n\t<meta name=\"twitter:data1\" content=\"ann.st.arnaud@jas-sy.org\" \/>\n\t<meta name=\"twitter:label2\" content=\"Dur\u00e9e de lecture estim\u00e9e\" \/>\n\t<meta name=\"twitter:data2\" content=\"3 minutes\" \/>\n<script type=\"application\/ld+json\" class=\"yoast-schema-graph\">{\"@context\":\"https:\\\/\\\/schema.org\",\"@graph\":[{\"@type\":\"Article\",\"@id\":\"https:\\\/\\\/sunyouth.org\\\/fr\\\/pelletee-de-terre\\\/#article\",\"isPartOf\":{\"@id\":\"https:\\\/\\\/sunyouth.org\\\/fr\\\/pelletee-de-terre\\\/\"},\"author\":{\"name\":\"ann.st.arnaud@jas-sy.org\",\"@id\":\"https:\\\/\\\/sunyouth.org\\\/#\\\/schema\\\/person\\\/0d6c84a28140a8e150df2c482c74fd0b\"},\"headline\":\"Pellet\u00e9e de terre\",\"datePublished\":\"2024-10-21T21:03:31+00:00\",\"dateModified\":\"2024-10-25T13:24:38+00:00\",\"mainEntityOfPage\":{\"@id\":\"https:\\\/\\\/sunyouth.org\\\/fr\\\/pelletee-de-terre\\\/\"},\"wordCount\":648,\"publisher\":{\"@id\":\"https:\\\/\\\/sunyouth.org\\\/#organization\"},\"image\":{\"@id\":\"https:\\\/\\\/sunyouth.org\\\/fr\\\/pelletee-de-terre\\\/#primaryimage\"},\"thumbnailUrl\":\"https:\\\/\\\/sunyouth.org\\\/wp-content\\\/uploads\\\/2024\\\/10\\\/1H1A7236-e1729534734806.jpg\",\"articleSection\":[\"Nouveau b\u00e2timent\"],\"inLanguage\":\"fr-FR\"},{\"@type\":\"WebPage\",\"@id\":\"https:\\\/\\\/sunyouth.org\\\/fr\\\/pelletee-de-terre\\\/\",\"url\":\"https:\\\/\\\/sunyouth.org\\\/fr\\\/pelletee-de-terre\\\/\",\"name\":\"Pellet\u00e9e de terre - Jeunesse au soleil\",\"isPartOf\":{\"@id\":\"https:\\\/\\\/sunyouth.org\\\/#website\"},\"primaryImageOfPage\":{\"@id\":\"https:\\\/\\\/sunyouth.org\\\/fr\\\/pelletee-de-terre\\\/#primaryimage\"},\"image\":{\"@id\":\"https:\\\/\\\/sunyouth.org\\\/fr\\\/pelletee-de-terre\\\/#primaryimage\"},\"thumbnailUrl\":\"https:\\\/\\\/sunyouth.org\\\/wp-content\\\/uploads\\\/2024\\\/10\\\/1H1A7236-e1729534734806.jpg\",\"datePublished\":\"2024-10-21T21:03:31+00:00\",\"dateModified\":\"2024-10-25T13:24:38+00:00\",\"breadcrumb\":{\"@id\":\"https:\\\/\\\/sunyouth.org\\\/fr\\\/pelletee-de-terre\\\/#breadcrumb\"},\"inLanguage\":\"fr-FR\",\"potentialAction\":[{\"@type\":\"ReadAction\",\"target\":[\"https:\\\/\\\/sunyouth.org\\\/fr\\\/pelletee-de-terre\\\/\"]}]},{\"@type\":\"ImageObject\",\"inLanguage\":\"fr-FR\",\"@id\":\"https:\\\/\\\/sunyouth.org\\\/fr\\\/pelletee-de-terre\\\/#primaryimage\",\"url\":\"https:\\\/\\\/sunyouth.org\\\/wp-content\\\/uploads\\\/2024\\\/10\\\/1H1A7236-e1729534734806.jpg\",\"contentUrl\":\"https:\\\/\\\/sunyouth.org\\\/wp-content\\\/uploads\\\/2024\\\/10\\\/1H1A7236-e1729534734806.jpg\",\"width\":2048,\"height\":1092},{\"@type\":\"BreadcrumbList\",\"@id\":\"https:\\\/\\\/sunyouth.org\\\/fr\\\/pelletee-de-terre\\\/#breadcrumb\",\"itemListElement\":[{\"@type\":\"ListItem\",\"position\":1,\"name\":\"Home\",\"item\":\"https:\\\/\\\/sunyouth.org\\\/fr\\\/\"},{\"@type\":\"ListItem\",\"position\":2,\"name\":\"Pellet\u00e9e de terre\"}]},{\"@type\":\"WebSite\",\"@id\":\"https:\\\/\\\/sunyouth.org\\\/#website\",\"url\":\"https:\\\/\\\/sunyouth.org\\\/\",\"name\":\"Jeunesse au soleil\",\"description\":\"Dedicated since 1954!\",\"publisher\":{\"@id\":\"https:\\\/\\\/sunyouth.org\\\/#organization\"},\"potentialAction\":[{\"@type\":\"SearchAction\",\"target\":{\"@type\":\"EntryPoint\",\"urlTemplate\":\"https:\\\/\\\/sunyouth.org\\\/?s={search_term_string}\"},\"query-input\":{\"@type\":\"PropertyValueSpecification\",\"valueRequired\":true,\"valueName\":\"search_term_string\"}}],\"inLanguage\":\"fr-FR\"},{\"@type\":\"Organization\",\"@id\":\"https:\\\/\\\/sunyouth.org\\\/#organization\",\"name\":\"SUN YOUTH\",\"url\":\"https:\\\/\\\/sunyouth.org\\\/\",\"logo\":{\"@type\":\"ImageObject\",\"inLanguage\":\"fr-FR\",\"@id\":\"https:\\\/\\\/sunyouth.org\\\/#\\\/schema\\\/logo\\\/image\\\/\",\"url\":\"https:\\\/\\\/sunyouth.org\\\/wp-content\\\/uploads\\\/2018\\\/11\\\/LOGO-SUNYOUTH.png\",\"contentUrl\":\"https:\\\/\\\/sunyouth.org\\\/wp-content\\\/uploads\\\/2018\\\/11\\\/LOGO-SUNYOUTH.png\",\"width\":251,\"height\":251,\"caption\":\"SUN YOUTH\"},\"image\":{\"@id\":\"https:\\\/\\\/sunyouth.org\\\/#\\\/schema\\\/logo\\\/image\\\/\"}},{\"@type\":\"Person\",\"@id\":\"https:\\\/\\\/sunyouth.org\\\/#\\\/schema\\\/person\\\/0d6c84a28140a8e150df2c482c74fd0b\",\"name\":\"ann.st.arnaud@jas-sy.org\",\"image\":{\"@type\":\"ImageObject\",\"inLanguage\":\"fr-FR\",\"@id\":\"https:\\\/\\\/secure.gravatar.com\\\/avatar\\\/6ad1a3e4c02bf673e549a3e6da94cbd3bd1e56a7895fda73a75f017ff717f16b?s=96&d=mm&r=g\",\"url\":\"https:\\\/\\\/secure.gravatar.com\\\/avatar\\\/6ad1a3e4c02bf673e549a3e6da94cbd3bd1e56a7895fda73a75f017ff717f16b?s=96&d=mm&r=g\",\"contentUrl\":\"https:\\\/\\\/secure.gravatar.com\\\/avatar\\\/6ad1a3e4c02bf673e549a3e6da94cbd3bd1e56a7895fda73a75f017ff717f16b?s=96&d=mm&r=g\",\"caption\":\"ann.st.arnaud@jas-sy.org\"}}]}<\/script>\n<!-- \/ Yoast SEO plugin. -->","yoast_head_json":{"title":"Pellet\u00e9e de terre - Jeunesse au soleil","robots":{"index":"index","follow":"follow","max-snippet":"max-snippet:-1","max-image-preview":"max-image-preview:large","max-video-preview":"max-video-preview:-1"},"canonical":"https:\/\/sunyouth.org\/fr\/pelletee-de-terre\/","og_locale":"fr_FR","og_type":"article","og_title":"Pellet\u00e9e de terre - Jeunesse au soleil","og_description":"[vc_row][vc_column][vc_column_text css=\u00a0\u00bb\u00a0\u00bb]Fini l&rsquo;attente! Apr\u00e8s des ann\u00e9es de r\u00eave, de questionnement, de planification, de calculs et oui, de collecte de fonds, Jeunesse au...","og_url":"https:\/\/sunyouth.org\/fr\/pelletee-de-terre\/","og_site_name":"Jeunesse au soleil","article_published_time":"2024-10-21T21:03:31+00:00","article_modified_time":"2024-10-25T13:24:38+00:00","og_image":[{"width":2048,"height":1092,"url":"https:\/\/sunyouth.org\/wp-content\/uploads\/2024\/10\/1H1A7236-e1729534734806.jpg","type":"image\/jpeg"}],"author":"ann.st.arnaud@jas-sy.org","twitter_card":"summary_large_image","twitter_misc":{"\u00c9crit par":"ann.st.arnaud@jas-sy.org","Dur\u00e9e de lecture estim\u00e9e":"3 minutes"},"schema":{"@context":"https:\/\/schema.org","@graph":[{"@type":"Article","@id":"https:\/\/sunyouth.org\/fr\/pelletee-de-terre\/#article","isPartOf":{"@id":"https:\/\/sunyouth.org\/fr\/pelletee-de-terre\/"},"author":{"name":"ann.st.arnaud@jas-sy.org","@id":"https:\/\/sunyouth.org\/#\/schema\/person\/0d6c84a28140a8e150df2c482c74fd0b"},"headline":"Pellet\u00e9e de terre","datePublished":"2024-10-21T21:03:31+00:00","dateModified":"2024-10-25T13:24:38+00:00","mainEntityOfPage":{"@id":"https:\/\/sunyouth.org\/fr\/pelletee-de-terre\/"},"wordCount":648,"publisher":{"@id":"https:\/\/sunyouth.org\/#organization"},"image":{"@id":"https:\/\/sunyouth.org\/fr\/pelletee-de-terre\/#primaryimage"},"thumbnailUrl":"https:\/\/sunyouth.org\/wp-content\/uploads\/2024\/10\/1H1A7236-e1729534734806.jpg","articleSection":["Nouveau b\u00e2timent"],"inLanguage":"fr-FR"},{"@type":"WebPage","@id":"https:\/\/sunyouth.org\/fr\/pelletee-de-terre\/","url":"https:\/\/sunyouth.org\/fr\/pelletee-de-terre\/","name":"Pellet\u00e9e de terre - Jeunesse au soleil","isPartOf":{"@id":"https:\/\/sunyouth.org\/#website"},"primaryImageOfPage":{"@id":"https:\/\/sunyouth.org\/fr\/pelletee-de-terre\/#primaryimage"},"image":{"@id":"https:\/\/sunyouth.org\/fr\/pelletee-de-terre\/#primaryimage"},"thumbnailUrl":"https:\/\/sunyouth.org\/wp-content\/uploads\/2024\/10\/1H1A7236-e1729534734806.jpg","datePublished":"2024-10-21T21:03:31+00:00","dateModified":"2024-10-25T13:24:38+00:00","breadcrumb":{"@id":"https:\/\/sunyouth.org\/fr\/pelletee-de-terre\/#breadcrumb"},"inLanguage":"fr-FR","potentialAction":[{"@type":"ReadAction","target":["https:\/\/sunyouth.org\/fr\/pelletee-de-terre\/"]}]},{"@type":"ImageObject","inLanguage":"fr-FR","@id":"https:\/\/sunyouth.org\/fr\/pelletee-de-terre\/#primaryimage","url":"https:\/\/sunyouth.org\/wp-content\/uploads\/2024\/10\/1H1A7236-e1729534734806.jpg","contentUrl":"https:\/\/sunyouth.org\/wp-content\/uploads\/2024\/10\/1H1A7236-e1729534734806.jpg","width":2048,"height":1092},{"@type":"BreadcrumbList","@id":"https:\/\/sunyouth.org\/fr\/pelletee-de-terre\/#breadcrumb","itemListElement":[{"@type":"ListItem","position":1,"name":"Home","item":"https:\/\/sunyouth.org\/fr\/"},{"@type":"ListItem","position":2,"name":"Pellet\u00e9e de terre"}]},{"@type":"WebSite","@id":"https:\/\/sunyouth.org\/#website","url":"https:\/\/sunyouth.org\/","name":"Jeunesse au soleil","description":"Dedicated since 1954!","publisher":{"@id":"https:\/\/sunyouth.org\/#organization"},"potentialAction":[{"@type":"SearchAction","target":{"@type":"EntryPoint","urlTemplate":"https:\/\/sunyouth.org\/?s={search_term_string}"},"query-input":{"@type":"PropertyValueSpecification","valueRequired":true,"valueName":"search_term_string"}}],"inLanguage":"fr-FR"},{"@type":"Organization","@id":"https:\/\/sunyouth.org\/#organization","name":"SUN YOUTH","url":"https:\/\/sunyouth.org\/","logo":{"@type":"ImageObject","inLanguage":"fr-FR","@id":"https:\/\/sunyouth.org\/#\/schema\/logo\/image\/","url":"https:\/\/sunyouth.org\/wp-content\/uploads\/2018\/11\/LOGO-SUNYOUTH.png","contentUrl":"https:\/\/sunyouth.org\/wp-content\/uploads\/2018\/11\/LOGO-SUNYOUTH.png","width":251,"height":251,"caption":"SUN YOUTH"},"image":{"@id":"https:\/\/sunyouth.org\/#\/schema\/logo\/image\/"}},{"@type":"Person","@id":"https:\/\/sunyouth.org\/#\/schema\/person\/0d6c84a28140a8e150df2c482c74fd0b","name":"ann.st.arnaud@jas-sy.org","image":{"@type":"ImageObject","inLanguage":"fr-FR","@id":"https:\/\/secure.gravatar.com\/avatar\/6ad1a3e4c02bf673e549a3e6da94cbd3bd1e56a7895fda73a75f017ff717f16b?s=96&d=mm&r=g","url":"https:\/\/secure.gravatar.com\/avatar\/6ad1a3e4c02bf673e549a3e6da94cbd3bd1e56a7895fda73a75f017ff717f16b?s=96&d=mm&r=g","contentUrl":"https:\/\/secure.gravatar.com\/avatar\/6ad1a3e4c02bf673e549a3e6da94cbd3bd1e56a7895fda73a75f017ff717f16b?s=96&d=mm&r=g","caption":"ann.st.arnaud@jas-sy.org"}}]}},"menu_order":0,"_links":{"self":[{"href":"https:\/\/sunyouth.org\/fr\/wp-json\/wp\/v2\/posts\/166470","targetHints":{"allow":["GET"]}}],"collection":[{"href":"https:\/\/sunyouth.org\/fr\/wp-json\/wp\/v2\/posts"}],"about":[{"href":"https:\/\/sunyouth.org\/fr\/wp-json\/wp\/v2\/types\/post"}],"author":[{"embeddable":true,"href":"https:\/\/sunyouth.org\/fr\/wp-json\/wp\/v2\/users\/32"}],"replies":[{"embeddable":true,"href":"https:\/\/sunyouth.org\/fr\/wp-json\/wp\/v2\/comments?post=166470"}],"version-history":[{"count":17,"href":"https:\/\/sunyouth.org\/fr\/wp-json\/wp\/v2\/posts\/166470\/revisions"}],"predecessor-version":[{"id":166651,"href":"https:\/\/sunyouth.org\/fr\/wp-json\/wp\/v2\/posts\/166470\/revisions\/166651"}],"wp:featuredmedia":[{"embeddable":true,"href":"https:\/\/sunyouth.org\/fr\/wp-json\/wp\/v2\/media\/166463"}],"wp:attachment":[{"href":"https:\/\/sunyouth.org\/fr\/wp-json\/wp\/v2\/media?parent=166470"}],"wp:term":[{"taxonomy":"category","embeddable":true,"href":"https:\/\/sunyouth.org\/fr\/wp-json\/wp\/v2\/categories?post=166470"},{"taxonomy":"post_tag","embeddable":true,"href":"https:\/\/sunyouth.org\/fr\/wp-json\/wp\/v2\/tags?post=166470"}],"curies":[{"name":"wp","href":"https:\/\/api.w.org\/{rel}","templated":true}]}}