{"id":154349,"date":"2015-09-29T08:38:29","date_gmt":"2015-09-29T08:38:29","guid":{"rendered":"https:\/\/sunyouth.org\/des-aubaines-en-or\/"},"modified":"2015-09-29T08:38:29","modified_gmt":"2015-09-29T08:38:29","slug":"des-aubaines-en-or","status":"publish","type":"post","link":"https:\/\/sunyouth.org\/fr\/des-aubaines-en-or\/","title":{"rendered":"Des Aubaines en Or&#8230;"},"content":{"rendered":"<p>Le Club des A\u00een\u00e9s de Jeunesse au Soleil tiendra son bazar annuel le 2 octobre.<\/p>\n<p style=\"text-align: justify;\">Le <strong>Club des A\u00een\u00e9s<\/strong> de Jeunesse au Soleil tiendra dans les locaux de Jeunesse au Soleil son <strong>Bazar annuel<\/strong>.\u00a0 Les chasseurs d\u2019aubaines voudront marquer \u00e0 leur agenda la journ\u00e9e du vendredi <strong>2 octobre<\/strong>. En effet, de <strong>9h \u00e0 15h<\/strong>, nos a\u00een\u00e9s vous invitent \u00e0 profiter d\u2019aubaines incroyables sur de la marchandise neuve et usag\u00e9e, tout en contribuant au financement des activit\u00e9s du club.<\/p>\n<p style=\"text-align: justify;\">Tous sont inv<a title=\"Visual Bazar 2015.jpg\" href=\"https:\/\/sunyouth.org\/wp-content\/uploads\/2018\/10\/Visual_Bazar_2015.jpg\" target=\"_blank\" rel=\"noopener noreferrer\"><img style=\"margin: 10px; float: left;\" src=\"https:\/\/sunyouth.org\/wp-content\/uploads\/2018\/10\/Visual_Bazar_2015.jpg\" alt=\"Visual Bazar 2015.jpg\" width=\"150\" height=\"195\" \/><\/a>it\u00e9s \u00e0 visiter le <strong>gymnase de Jeunesse au Soleil<\/strong> o\u00f9 se tiendra le Bazar du Club des A\u00een\u00e9s.\u00a0 On vous sugg\u00e8re d\u2019arriver t\u00f4t afin de mettre la main sur des items exclusifs tout en marchandant avec nos sympathiques b\u00e9n\u00e9voles. C\u2019est donc un rendez-vous\u00a0vendredi<strong> le 2 octobre 2015<\/strong>, \u00e0 compter de <strong>9h<\/strong> et ce jusqu\u2019\u00e0 <strong>15h<\/strong> dans le gymnase de Jeunesse au Soleil situ\u00e9 au <strong>4251, rue St-Urbain<\/strong>.\u00a0 Pour plus d&rsquo;information, contactez le <strong>Club des A\u00een\u00e9s de Jeunesse au Soleil<\/strong> au <strong>(514) 842-6356<\/strong>.\u00a0 Au plaisir de vous compter parmi les n\u00f4tres!<\/p>\n","protected":false},"excerpt":{"rendered":"<p>Le Club des A\u00een\u00e9s de Jeunesse au Soleil tiendra son bazar annuel le 2 octobre. Le Club des A\u00een\u00e9s de Jeunesse au&#8230;<\/p>\n","protected":false},"author":12,"featured_media":152746,"comment_status":"open","ping_status":"open","sticky":false,"template":"","format":"standard","meta":{"_acf_changed":false,"_monsterinsights_skip_tracking":false,"_monsterinsights_sitenote_active":false,"_monsterinsights_sitenote_note":"","_monsterinsights_sitenote_category":0,"footnotes":""},"categories":[562],"tags":[],"class_list":{"0":"post-154349","1":"post","2":"type-post","3":"status-publish","4":"format-standard","5":"has-post-thumbnail","7":"category-a-propos"},"acf":[],"yoast_head":"<!-- This site is optimized with the Yoast SEO plugin v27.4 - https:\/\/yoast.com\/product\/yoast-seo-wordpress\/ -->\n<title>Des Aubaines en Or...<\/title>\n<meta name=\"description\" content=\"Le Club des A\u00een\u00e9s de Jeunesse au Soleil tiendra son Bazar annuel dans les locaux de Jeunesse au Soleil vendredi le 2 octobre.\" \/>\n<meta name=\"robots\" content=\"index, follow, max-snippet:-1, max-image-preview:large, max-video-preview:-1\" \/>\n<link rel=\"canonical\" href=\"https:\/\/sunyouth.org\/fr\/des-aubaines-en-or\/\" \/>\n<meta property=\"og:locale\" content=\"fr_FR\" \/>\n<meta property=\"og:type\" content=\"article\" \/>\n<meta property=\"og:title\" content=\"Des Aubaines en Or...\" \/>\n<meta property=\"og:description\" content=\"Le Club des A\u00een\u00e9s de Jeunesse au Soleil tiendra son Bazar annuel dans les locaux de Jeunesse au Soleil vendredi le 2 octobre.\" \/>\n<meta property=\"og:url\" content=\"https:\/\/sunyouth.org\/fr\/des-aubaines-en-or\/\" \/>\n<meta property=\"og:site_name\" content=\"Jeunesse au soleil\" \/>\n<meta property=\"article:published_time\" content=\"2015-09-29T08:38:29+00:00\" \/>\n<meta property=\"og:image\" content=\"https:\/\/sunyouth.org\/wp-content\/uploads\/2018\/10\/Visual_Bazar_2015.jpg\" \/>\n\t<meta property=\"og:image:width\" content=\"150\" \/>\n\t<meta property=\"og:image:height\" content=\"150\" \/>\n\t<meta property=\"og:image:type\" content=\"image\/jpeg\" \/>\n<meta name=\"author\" content=\"annsyo\" \/>\n<meta name=\"twitter:card\" content=\"summary_large_image\" \/>\n<meta name=\"twitter:label1\" content=\"\u00c9crit par\" \/>\n\t<meta name=\"twitter:data1\" content=\"annsyo\" \/>\n\t<meta name=\"twitter:label2\" content=\"Dur\u00e9e de lecture estim\u00e9e\" \/>\n\t<meta name=\"twitter:data2\" content=\"1 minute\" \/>\n<script type=\"application\/ld+json\" class=\"yoast-schema-graph\">{\"@context\":\"https:\\\/\\\/schema.org\",\"@graph\":[{\"@type\":\"Article\",\"@id\":\"https:\\\/\\\/sunyouth.org\\\/fr\\\/des-aubaines-en-or\\\/#article\",\"isPartOf\":{\"@id\":\"https:\\\/\\\/sunyouth.org\\\/fr\\\/des-aubaines-en-or\\\/\"},\"author\":{\"name\":\"annsyo\",\"@id\":\"https:\\\/\\\/sunyouth.org\\\/#\\\/schema\\\/person\\\/b0259e8a83de4804e5f08b9602c8f043\"},\"headline\":\"Des Aubaines en Or&#8230;\",\"datePublished\":\"2015-09-29T08:38:29+00:00\",\"mainEntityOfPage\":{\"@id\":\"https:\\\/\\\/sunyouth.org\\\/fr\\\/des-aubaines-en-or\\\/\"},\"wordCount\":188,\"commentCount\":0,\"publisher\":{\"@id\":\"https:\\\/\\\/sunyouth.org\\\/#organization\"},\"image\":{\"@id\":\"https:\\\/\\\/sunyouth.org\\\/fr\\\/des-aubaines-en-or\\\/#primaryimage\"},\"thumbnailUrl\":\"https:\\\/\\\/sunyouth.org\\\/wp-content\\\/uploads\\\/2018\\\/10\\\/Visual_Bazar_2015.jpg\",\"articleSection\":[\"\u00c0 propos\"],\"inLanguage\":\"fr-FR\"},{\"@type\":\"WebPage\",\"@id\":\"https:\\\/\\\/sunyouth.org\\\/fr\\\/des-aubaines-en-or\\\/\",\"url\":\"https:\\\/\\\/sunyouth.org\\\/fr\\\/des-aubaines-en-or\\\/\",\"name\":\"Des Aubaines en Or...\",\"isPartOf\":{\"@id\":\"https:\\\/\\\/sunyouth.org\\\/#website\"},\"primaryImageOfPage\":{\"@id\":\"https:\\\/\\\/sunyouth.org\\\/fr\\\/des-aubaines-en-or\\\/#primaryimage\"},\"image\":{\"@id\":\"https:\\\/\\\/sunyouth.org\\\/fr\\\/des-aubaines-en-or\\\/#primaryimage\"},\"thumbnailUrl\":\"https:\\\/\\\/sunyouth.org\\\/wp-content\\\/uploads\\\/2018\\\/10\\\/Visual_Bazar_2015.jpg\",\"datePublished\":\"2015-09-29T08:38:29+00:00\",\"description\":\"Le Club des A\u00een\u00e9s de Jeunesse au Soleil tiendra son Bazar annuel dans les locaux de Jeunesse au Soleil vendredi le 2 octobre.\",\"breadcrumb\":{\"@id\":\"https:\\\/\\\/sunyouth.org\\\/fr\\\/des-aubaines-en-or\\\/#breadcrumb\"},\"inLanguage\":\"fr-FR\",\"potentialAction\":[{\"@type\":\"ReadAction\",\"target\":[\"https:\\\/\\\/sunyouth.org\\\/fr\\\/des-aubaines-en-or\\\/\"]}]},{\"@type\":\"ImageObject\",\"inLanguage\":\"fr-FR\",\"@id\":\"https:\\\/\\\/sunyouth.org\\\/fr\\\/des-aubaines-en-or\\\/#primaryimage\",\"url\":\"https:\\\/\\\/sunyouth.org\\\/wp-content\\\/uploads\\\/2018\\\/10\\\/Visual_Bazar_2015.jpg\",\"contentUrl\":\"https:\\\/\\\/sunyouth.org\\\/wp-content\\\/uploads\\\/2018\\\/10\\\/Visual_Bazar_2015.jpg\",\"width\":150,\"height\":150},{\"@type\":\"BreadcrumbList\",\"@id\":\"https:\\\/\\\/sunyouth.org\\\/fr\\\/des-aubaines-en-or\\\/#breadcrumb\",\"itemListElement\":[{\"@type\":\"ListItem\",\"position\":1,\"name\":\"Home\",\"item\":\"https:\\\/\\\/sunyouth.org\\\/fr\\\/\"},{\"@type\":\"ListItem\",\"position\":2,\"name\":\"Des Aubaines en Or&#8230;\"}]},{\"@type\":\"WebSite\",\"@id\":\"https:\\\/\\\/sunyouth.org\\\/#website\",\"url\":\"https:\\\/\\\/sunyouth.org\\\/\",\"name\":\"Jeunesse au soleil\",\"description\":\"Dedicated since 1954!\",\"publisher\":{\"@id\":\"https:\\\/\\\/sunyouth.org\\\/#organization\"},\"potentialAction\":[{\"@type\":\"SearchAction\",\"target\":{\"@type\":\"EntryPoint\",\"urlTemplate\":\"https:\\\/\\\/sunyouth.org\\\/?s={search_term_string}\"},\"query-input\":{\"@type\":\"PropertyValueSpecification\",\"valueRequired\":true,\"valueName\":\"search_term_string\"}}],\"inLanguage\":\"fr-FR\"},{\"@type\":\"Organization\",\"@id\":\"https:\\\/\\\/sunyouth.org\\\/#organization\",\"name\":\"SUN YOUTH\",\"url\":\"https:\\\/\\\/sunyouth.org\\\/\",\"logo\":{\"@type\":\"ImageObject\",\"inLanguage\":\"fr-FR\",\"@id\":\"https:\\\/\\\/sunyouth.org\\\/#\\\/schema\\\/logo\\\/image\\\/\",\"url\":\"https:\\\/\\\/sunyouth.org\\\/wp-content\\\/uploads\\\/2018\\\/11\\\/LOGO-SUNYOUTH.png\",\"contentUrl\":\"https:\\\/\\\/sunyouth.org\\\/wp-content\\\/uploads\\\/2018\\\/11\\\/LOGO-SUNYOUTH.png\",\"width\":251,\"height\":251,\"caption\":\"SUN YOUTH\"},\"image\":{\"@id\":\"https:\\\/\\\/sunyouth.org\\\/#\\\/schema\\\/logo\\\/image\\\/\"}},{\"@type\":\"Person\",\"@id\":\"https:\\\/\\\/sunyouth.org\\\/#\\\/schema\\\/person\\\/b0259e8a83de4804e5f08b9602c8f043\",\"name\":\"annsyo\",\"image\":{\"@type\":\"ImageObject\",\"inLanguage\":\"fr-FR\",\"@id\":\"https:\\\/\\\/secure.gravatar.com\\\/avatar\\\/9dc6ddf66fff71d6342b53076fb04addad583bc7c948b68a1f8f367a3a0cfb23?s=96&d=mm&r=g\",\"url\":\"https:\\\/\\\/secure.gravatar.com\\\/avatar\\\/9dc6ddf66fff71d6342b53076fb04addad583bc7c948b68a1f8f367a3a0cfb23?s=96&d=mm&r=g\",\"contentUrl\":\"https:\\\/\\\/secure.gravatar.com\\\/avatar\\\/9dc6ddf66fff71d6342b53076fb04addad583bc7c948b68a1f8f367a3a0cfb23?s=96&d=mm&r=g\",\"caption\":\"annsyo\"}}]}<\/script>\n<!-- \/ Yoast SEO plugin. -->","yoast_head_json":{"title":"Des Aubaines en Or...","description":"Le Club des A\u00een\u00e9s de Jeunesse au Soleil tiendra son Bazar annuel dans les locaux de Jeunesse au Soleil vendredi le 2 octobre.","robots":{"index":"index","follow":"follow","max-snippet":"max-snippet:-1","max-image-preview":"max-image-preview:large","max-video-preview":"max-video-preview:-1"},"canonical":"https:\/\/sunyouth.org\/fr\/des-aubaines-en-or\/","og_locale":"fr_FR","og_type":"article","og_title":"Des Aubaines en Or...","og_description":"Le Club des A\u00een\u00e9s de Jeunesse au Soleil tiendra son Bazar annuel dans les locaux de Jeunesse au Soleil vendredi le 2 octobre.","og_url":"https:\/\/sunyouth.org\/fr\/des-aubaines-en-or\/","og_site_name":"Jeunesse au soleil","article_published_time":"2015-09-29T08:38:29+00:00","og_image":[{"width":150,"height":150,"url":"https:\/\/sunyouth.org\/wp-content\/uploads\/2018\/10\/Visual_Bazar_2015.jpg","type":"image\/jpeg"}],"author":"annsyo","twitter_card":"summary_large_image","twitter_misc":{"\u00c9crit par":"annsyo","Dur\u00e9e de lecture estim\u00e9e":"1 minute"},"schema":{"@context":"https:\/\/schema.org","@graph":[{"@type":"Article","@id":"https:\/\/sunyouth.org\/fr\/des-aubaines-en-or\/#article","isPartOf":{"@id":"https:\/\/sunyouth.org\/fr\/des-aubaines-en-or\/"},"author":{"name":"annsyo","@id":"https:\/\/sunyouth.org\/#\/schema\/person\/b0259e8a83de4804e5f08b9602c8f043"},"headline":"Des Aubaines en Or&#8230;","datePublished":"2015-09-29T08:38:29+00:00","mainEntityOfPage":{"@id":"https:\/\/sunyouth.org\/fr\/des-aubaines-en-or\/"},"wordCount":188,"commentCount":0,"publisher":{"@id":"https:\/\/sunyouth.org\/#organization"},"image":{"@id":"https:\/\/sunyouth.org\/fr\/des-aubaines-en-or\/#primaryimage"},"thumbnailUrl":"https:\/\/sunyouth.org\/wp-content\/uploads\/2018\/10\/Visual_Bazar_2015.jpg","articleSection":["\u00c0 propos"],"inLanguage":"fr-FR"},{"@type":"WebPage","@id":"https:\/\/sunyouth.org\/fr\/des-aubaines-en-or\/","url":"https:\/\/sunyouth.org\/fr\/des-aubaines-en-or\/","name":"Des Aubaines en Or...","isPartOf":{"@id":"https:\/\/sunyouth.org\/#website"},"primaryImageOfPage":{"@id":"https:\/\/sunyouth.org\/fr\/des-aubaines-en-or\/#primaryimage"},"image":{"@id":"https:\/\/sunyouth.org\/fr\/des-aubaines-en-or\/#primaryimage"},"thumbnailUrl":"https:\/\/sunyouth.org\/wp-content\/uploads\/2018\/10\/Visual_Bazar_2015.jpg","datePublished":"2015-09-29T08:38:29+00:00","description":"Le Club des A\u00een\u00e9s de Jeunesse au Soleil tiendra son Bazar annuel dans les locaux de Jeunesse au Soleil vendredi le 2 octobre.","breadcrumb":{"@id":"https:\/\/sunyouth.org\/fr\/des-aubaines-en-or\/#breadcrumb"},"inLanguage":"fr-FR","potentialAction":[{"@type":"ReadAction","target":["https:\/\/sunyouth.org\/fr\/des-aubaines-en-or\/"]}]},{"@type":"ImageObject","inLanguage":"fr-FR","@id":"https:\/\/sunyouth.org\/fr\/des-aubaines-en-or\/#primaryimage","url":"https:\/\/sunyouth.org\/wp-content\/uploads\/2018\/10\/Visual_Bazar_2015.jpg","contentUrl":"https:\/\/sunyouth.org\/wp-content\/uploads\/2018\/10\/Visual_Bazar_2015.jpg","width":150,"height":150},{"@type":"BreadcrumbList","@id":"https:\/\/sunyouth.org\/fr\/des-aubaines-en-or\/#breadcrumb","itemListElement":[{"@type":"ListItem","position":1,"name":"Home","item":"https:\/\/sunyouth.org\/fr\/"},{"@type":"ListItem","position":2,"name":"Des Aubaines en Or&#8230;"}]},{"@type":"WebSite","@id":"https:\/\/sunyouth.org\/#website","url":"https:\/\/sunyouth.org\/","name":"Jeunesse au soleil","description":"Dedicated since 1954!","publisher":{"@id":"https:\/\/sunyouth.org\/#organization"},"potentialAction":[{"@type":"SearchAction","target":{"@type":"EntryPoint","urlTemplate":"https:\/\/sunyouth.org\/?s={search_term_string}"},"query-input":{"@type":"PropertyValueSpecification","valueRequired":true,"valueName":"search_term_string"}}],"inLanguage":"fr-FR"},{"@type":"Organization","@id":"https:\/\/sunyouth.org\/#organization","name":"SUN YOUTH","url":"https:\/\/sunyouth.org\/","logo":{"@type":"ImageObject","inLanguage":"fr-FR","@id":"https:\/\/sunyouth.org\/#\/schema\/logo\/image\/","url":"https:\/\/sunyouth.org\/wp-content\/uploads\/2018\/11\/LOGO-SUNYOUTH.png","contentUrl":"https:\/\/sunyouth.org\/wp-content\/uploads\/2018\/11\/LOGO-SUNYOUTH.png","width":251,"height":251,"caption":"SUN YOUTH"},"image":{"@id":"https:\/\/sunyouth.org\/#\/schema\/logo\/image\/"}},{"@type":"Person","@id":"https:\/\/sunyouth.org\/#\/schema\/person\/b0259e8a83de4804e5f08b9602c8f043","name":"annsyo","image":{"@type":"ImageObject","inLanguage":"fr-FR","@id":"https:\/\/secure.gravatar.com\/avatar\/9dc6ddf66fff71d6342b53076fb04addad583bc7c948b68a1f8f367a3a0cfb23?s=96&d=mm&r=g","url":"https:\/\/secure.gravatar.com\/avatar\/9dc6ddf66fff71d6342b53076fb04addad583bc7c948b68a1f8f367a3a0cfb23?s=96&d=mm&r=g","contentUrl":"https:\/\/secure.gravatar.com\/avatar\/9dc6ddf66fff71d6342b53076fb04addad583bc7c948b68a1f8f367a3a0cfb23?s=96&d=mm&r=g","caption":"annsyo"}}]}},"menu_order":305,"_links":{"self":[{"href":"https:\/\/sunyouth.org\/fr\/wp-json\/wp\/v2\/posts\/154349","targetHints":{"allow":["GET"]}}],"collection":[{"href":"https:\/\/sunyouth.org\/fr\/wp-json\/wp\/v2\/posts"}],"about":[{"href":"https:\/\/sunyouth.org\/fr\/wp-json\/wp\/v2\/types\/post"}],"author":[{"embeddable":true,"href":"https:\/\/sunyouth.org\/fr\/wp-json\/wp\/v2\/users\/12"}],"replies":[{"embeddable":true,"href":"https:\/\/sunyouth.org\/fr\/wp-json\/wp\/v2\/comments?post=154349"}],"version-history":[{"count":0,"href":"https:\/\/sunyouth.org\/fr\/wp-json\/wp\/v2\/posts\/154349\/revisions"}],"wp:featuredmedia":[{"embeddable":true,"href":"https:\/\/sunyouth.org\/fr\/wp-json\/wp\/v2\/media\/152746"}],"wp:attachment":[{"href":"https:\/\/sunyouth.org\/fr\/wp-json\/wp\/v2\/media?parent=154349"}],"wp:term":[{"taxonomy":"category","embeddable":true,"href":"https:\/\/sunyouth.org\/fr\/wp-json\/wp\/v2\/categories?post=154349"},{"taxonomy":"post_tag","embeddable":true,"href":"https:\/\/sunyouth.org\/fr\/wp-json\/wp\/v2\/tags?post=154349"}],"curies":[{"name":"wp","href":"https:\/\/api.w.org\/{rel}","templated":true}]}}