{"id":154321,"date":"2016-04-29T12:02:17","date_gmt":"2016-04-29T12:02:17","guid":{"rendered":"https:\/\/sunyouth.org\/sun-youth-celebrates-volunteer-week\/"},"modified":"2019-12-17T17:08:21","modified_gmt":"2019-12-17T17:08:21","slug":"sun-youth-celebrates-volunteer-week","status":"publish","type":"post","link":"https:\/\/sunyouth.org\/fr\/sun-youth-celebrates-volunteer-week\/","title":{"rendered":"Sun Youth celebrates Volunteer week"},"content":{"rendered":"<p>Sun Youth organized a day of activities at the Stewart Museum to celebrate its volunteers.<\/p>\n<p style=\"text-align: justify;\">The Volunteer Week 2016 took place April 10 to 16 and to demonstrate its appreciation, Sun Youth organized a day of activities at the Stewart Museum to celebrate its volunteers. Many volunteers participated, including Johanne Hall\u00e9, a long time friend of the organization.<\/p>\n<p style=\"text-align: justify;\">For some people, retirement can be seen as the end of a career, for others it can be the start of a new opportunity. For <strong>Johanne Hall\u00e9, it means giving back to the community<\/strong>. Johanne Hall\u00e9 spent her 31 year long career working as a communications agent for Canada Post. During her tenure at Canada Post, she volunteered as one of Santa\u2019s elves who answer every year the million of <strong>letters written to Santa Claus<\/strong> by children from all over the world in over thirty different languages. Johanne also has had a long relationship with Sun Youth; ten years ago she promised to come and volunteer her services once she retired. <strong>Today she is one of Sun Youth\u2019s most valuable volunteers, translating and editing for our communications department.<\/strong> Without her help, the work done by the communications department would be considerably more difficult.<\/p>\n<p style=\"text-align: justify;\">Some people believe that Canada\u2019s aging population is a cause for concern with increase spending in healthcare as well as lower productivity. At Sun Youth, we believe that, just like Johanne, people use this new opening to get involved and make a difference. Retirees can offer leadership, technical skills and experience that public organization like Sun Youth can benefit from. Volunteering is also a great way to remain youthful by working with other people and experiencing the joy of giving back to the greater community. Being a non-profit organization, volunteers are at the core of Sun Youth\u2019s activities and we offer volunteer opportunities for every taste and age. Volunteer<a href=\"FID_1046}\" target=\"_blank\" rel=\"noopener noreferrer\"><img style=\"margin: 10px; float: right;\" src=\"https:\/\/sunyouth.org\/wp-content\/uploads\/2018\/10\/Johanne_Halle_musee_Stewart.jpg\" alt=\"Johanne Hall\u00e9 mus\u00e9e Stewart.jpg\" width=\"250\" height=\"167\" \/><\/a>s prepare and distribute food baskets to people in need, sort donations received from the public, recycle, train our sports teams, perform administrative tasks and more. There are over 1,500 people who lend a hand to Sun Youth\u2019s staff during the year.<\/p>\n<p style=\"text-align: justify;\">Although retirement can truly be golden for some people, others may experience financial difficulty, reduced mobility or may become isolated over time. If you feel like you fall into any of these categories or you know someone Sun Youth might be able to help, contact us at (514) 842-6822 or visit our <a href=\"\/en\/services\/emergency\/\">Emergency Services<\/a> section to learn more about our programs.<\/p>\n<p style=\"text-align: justify;\">Huge thanks to our volunteers!<\/p>\n","protected":false},"excerpt":{"rendered":"<p>Sun Youth organized a day of activities at the Stewart Museum to celebrate its volunteers. The Volunteer Week 2016 took place April&#8230;<\/p>\n","protected":false},"author":32,"featured_media":152823,"comment_status":"open","ping_status":"open","sticky":false,"template":"","format":"standard","meta":{"_acf_changed":false,"_monsterinsights_skip_tracking":false,"_monsterinsights_sitenote_active":false,"_monsterinsights_sitenote_note":"","_monsterinsights_sitenote_category":0,"footnotes":""},"categories":[549],"tags":[],"class_list":{"0":"post-154321","1":"post","2":"type-post","3":"status-publish","4":"format-standard","5":"has-post-thumbnail","7":"category-benevolat"},"acf":[],"yoast_head":"<!-- This site is optimized with the Yoast SEO plugin v27.4 - https:\/\/yoast.com\/product\/yoast-seo-wordpress\/ -->\n<title>Sun Youth celebrates National Volunteer week<\/title>\n<meta name=\"description\" content=\"The Volunteer Week 2016 took place April 10 to 16 and to demonstrate its appreciation, Sun Youth organized a day of activities at the Stewart Museum to celebrate its volunteers.\" \/>\n<meta name=\"robots\" content=\"index, follow, max-snippet:-1, max-image-preview:large, max-video-preview:-1\" \/>\n<link rel=\"canonical\" href=\"https:\/\/sunyouth.org\/fr\/sun-youth-celebrates-volunteer-week\/\" \/>\n<meta property=\"og:locale\" content=\"fr_FR\" \/>\n<meta property=\"og:type\" content=\"article\" \/>\n<meta property=\"og:title\" content=\"Sun Youth celebrates National Volunteer week\" \/>\n<meta property=\"og:description\" content=\"The Volunteer Week 2016 took place April 10 to 16 and to demonstrate its appreciation, Sun Youth organized a day of activities at the Stewart Museum to celebrate its volunteers.\" \/>\n<meta property=\"og:url\" content=\"https:\/\/sunyouth.org\/fr\/sun-youth-celebrates-volunteer-week\/\" \/>\n<meta property=\"og:site_name\" content=\"Jeunesse au soleil\" \/>\n<meta property=\"article:published_time\" content=\"2016-04-29T12:02:17+00:00\" \/>\n<meta property=\"article:modified_time\" content=\"2019-12-17T17:08:21+00:00\" \/>\n<meta property=\"og:image\" content=\"https:\/\/sunyouth.org\/wp-content\/uploads\/2018\/10\/Johanne_Halle_musee_Stewart.jpg\" \/>\n\t<meta property=\"og:image:width\" content=\"150\" \/>\n\t<meta property=\"og:image:height\" content=\"150\" \/>\n\t<meta property=\"og:image:type\" content=\"image\/jpeg\" \/>\n<meta name=\"author\" content=\"ann.st.arnaud@jas-sy.org\" \/>\n<meta name=\"twitter:card\" content=\"summary_large_image\" \/>\n<meta name=\"twitter:label1\" content=\"\u00c9crit par\" \/>\n\t<meta name=\"twitter:data1\" content=\"ann.st.arnaud@jas-sy.org\" \/>\n\t<meta name=\"twitter:label2\" content=\"Dur\u00e9e de lecture estim\u00e9e\" \/>\n\t<meta name=\"twitter:data2\" content=\"2 minutes\" \/>\n<script type=\"application\/ld+json\" class=\"yoast-schema-graph\">{\"@context\":\"https:\\\/\\\/schema.org\",\"@graph\":[{\"@type\":\"Article\",\"@id\":\"https:\\\/\\\/sunyouth.org\\\/fr\\\/sun-youth-celebrates-volunteer-week\\\/#article\",\"isPartOf\":{\"@id\":\"https:\\\/\\\/sunyouth.org\\\/fr\\\/sun-youth-celebrates-volunteer-week\\\/\"},\"author\":{\"name\":\"ann.st.arnaud@jas-sy.org\",\"@id\":\"https:\\\/\\\/sunyouth.org\\\/#\\\/schema\\\/person\\\/0d6c84a28140a8e150df2c482c74fd0b\"},\"headline\":\"Sun Youth celebrates Volunteer week\",\"datePublished\":\"2016-04-29T12:02:17+00:00\",\"dateModified\":\"2019-12-17T17:08:21+00:00\",\"mainEntityOfPage\":{\"@id\":\"https:\\\/\\\/sunyouth.org\\\/fr\\\/sun-youth-celebrates-volunteer-week\\\/\"},\"wordCount\":422,\"commentCount\":0,\"publisher\":{\"@id\":\"https:\\\/\\\/sunyouth.org\\\/#organization\"},\"image\":{\"@id\":\"https:\\\/\\\/sunyouth.org\\\/fr\\\/sun-youth-celebrates-volunteer-week\\\/#primaryimage\"},\"thumbnailUrl\":\"https:\\\/\\\/sunyouth.org\\\/wp-content\\\/uploads\\\/2018\\\/10\\\/Johanne_Halle_musee_Stewart.jpg\",\"articleSection\":[\"B\u00e9n\u00e9volat\"],\"inLanguage\":\"fr-FR\"},{\"@type\":\"WebPage\",\"@id\":\"https:\\\/\\\/sunyouth.org\\\/fr\\\/sun-youth-celebrates-volunteer-week\\\/\",\"url\":\"https:\\\/\\\/sunyouth.org\\\/fr\\\/sun-youth-celebrates-volunteer-week\\\/\",\"name\":\"Sun Youth celebrates National Volunteer week\",\"isPartOf\":{\"@id\":\"https:\\\/\\\/sunyouth.org\\\/#website\"},\"primaryImageOfPage\":{\"@id\":\"https:\\\/\\\/sunyouth.org\\\/fr\\\/sun-youth-celebrates-volunteer-week\\\/#primaryimage\"},\"image\":{\"@id\":\"https:\\\/\\\/sunyouth.org\\\/fr\\\/sun-youth-celebrates-volunteer-week\\\/#primaryimage\"},\"thumbnailUrl\":\"https:\\\/\\\/sunyouth.org\\\/wp-content\\\/uploads\\\/2018\\\/10\\\/Johanne_Halle_musee_Stewart.jpg\",\"datePublished\":\"2016-04-29T12:02:17+00:00\",\"dateModified\":\"2019-12-17T17:08:21+00:00\",\"description\":\"The Volunteer Week 2016 took place April 10 to 16 and to demonstrate its appreciation, Sun Youth organized a day of activities at the Stewart Museum to celebrate its volunteers.\",\"breadcrumb\":{\"@id\":\"https:\\\/\\\/sunyouth.org\\\/fr\\\/sun-youth-celebrates-volunteer-week\\\/#breadcrumb\"},\"inLanguage\":\"fr-FR\",\"potentialAction\":[{\"@type\":\"ReadAction\",\"target\":[\"https:\\\/\\\/sunyouth.org\\\/fr\\\/sun-youth-celebrates-volunteer-week\\\/\"]}]},{\"@type\":\"ImageObject\",\"inLanguage\":\"fr-FR\",\"@id\":\"https:\\\/\\\/sunyouth.org\\\/fr\\\/sun-youth-celebrates-volunteer-week\\\/#primaryimage\",\"url\":\"https:\\\/\\\/sunyouth.org\\\/wp-content\\\/uploads\\\/2018\\\/10\\\/Johanne_Halle_musee_Stewart.jpg\",\"contentUrl\":\"https:\\\/\\\/sunyouth.org\\\/wp-content\\\/uploads\\\/2018\\\/10\\\/Johanne_Halle_musee_Stewart.jpg\",\"width\":150,\"height\":150},{\"@type\":\"BreadcrumbList\",\"@id\":\"https:\\\/\\\/sunyouth.org\\\/fr\\\/sun-youth-celebrates-volunteer-week\\\/#breadcrumb\",\"itemListElement\":[{\"@type\":\"ListItem\",\"position\":1,\"name\":\"Home\",\"item\":\"https:\\\/\\\/sunyouth.org\\\/fr\\\/\"},{\"@type\":\"ListItem\",\"position\":2,\"name\":\"Sun Youth celebrates Volunteer week\"}]},{\"@type\":\"WebSite\",\"@id\":\"https:\\\/\\\/sunyouth.org\\\/#website\",\"url\":\"https:\\\/\\\/sunyouth.org\\\/\",\"name\":\"Jeunesse au soleil\",\"description\":\"Dedicated since 1954!\",\"publisher\":{\"@id\":\"https:\\\/\\\/sunyouth.org\\\/#organization\"},\"potentialAction\":[{\"@type\":\"SearchAction\",\"target\":{\"@type\":\"EntryPoint\",\"urlTemplate\":\"https:\\\/\\\/sunyouth.org\\\/?s={search_term_string}\"},\"query-input\":{\"@type\":\"PropertyValueSpecification\",\"valueRequired\":true,\"valueName\":\"search_term_string\"}}],\"inLanguage\":\"fr-FR\"},{\"@type\":\"Organization\",\"@id\":\"https:\\\/\\\/sunyouth.org\\\/#organization\",\"name\":\"SUN YOUTH\",\"url\":\"https:\\\/\\\/sunyouth.org\\\/\",\"logo\":{\"@type\":\"ImageObject\",\"inLanguage\":\"fr-FR\",\"@id\":\"https:\\\/\\\/sunyouth.org\\\/#\\\/schema\\\/logo\\\/image\\\/\",\"url\":\"https:\\\/\\\/sunyouth.org\\\/wp-content\\\/uploads\\\/2018\\\/11\\\/LOGO-SUNYOUTH.png\",\"contentUrl\":\"https:\\\/\\\/sunyouth.org\\\/wp-content\\\/uploads\\\/2018\\\/11\\\/LOGO-SUNYOUTH.png\",\"width\":251,\"height\":251,\"caption\":\"SUN YOUTH\"},\"image\":{\"@id\":\"https:\\\/\\\/sunyouth.org\\\/#\\\/schema\\\/logo\\\/image\\\/\"}},{\"@type\":\"Person\",\"@id\":\"https:\\\/\\\/sunyouth.org\\\/#\\\/schema\\\/person\\\/0d6c84a28140a8e150df2c482c74fd0b\",\"name\":\"ann.st.arnaud@jas-sy.org\",\"image\":{\"@type\":\"ImageObject\",\"inLanguage\":\"fr-FR\",\"@id\":\"https:\\\/\\\/secure.gravatar.com\\\/avatar\\\/6ad1a3e4c02bf673e549a3e6da94cbd3bd1e56a7895fda73a75f017ff717f16b?s=96&d=mm&r=g\",\"url\":\"https:\\\/\\\/secure.gravatar.com\\\/avatar\\\/6ad1a3e4c02bf673e549a3e6da94cbd3bd1e56a7895fda73a75f017ff717f16b?s=96&d=mm&r=g\",\"contentUrl\":\"https:\\\/\\\/secure.gravatar.com\\\/avatar\\\/6ad1a3e4c02bf673e549a3e6da94cbd3bd1e56a7895fda73a75f017ff717f16b?s=96&d=mm&r=g\",\"caption\":\"ann.st.arnaud@jas-sy.org\"}}]}<\/script>\n<!-- \/ Yoast SEO plugin. -->","yoast_head_json":{"title":"Sun Youth celebrates National Volunteer week","description":"The Volunteer Week 2016 took place April 10 to 16 and to demonstrate its appreciation, Sun Youth organized a day of activities at the Stewart Museum to celebrate its volunteers.","robots":{"index":"index","follow":"follow","max-snippet":"max-snippet:-1","max-image-preview":"max-image-preview:large","max-video-preview":"max-video-preview:-1"},"canonical":"https:\/\/sunyouth.org\/fr\/sun-youth-celebrates-volunteer-week\/","og_locale":"fr_FR","og_type":"article","og_title":"Sun Youth celebrates National Volunteer week","og_description":"The Volunteer Week 2016 took place April 10 to 16 and to demonstrate its appreciation, Sun Youth organized a day of activities at the Stewart Museum to celebrate its volunteers.","og_url":"https:\/\/sunyouth.org\/fr\/sun-youth-celebrates-volunteer-week\/","og_site_name":"Jeunesse au soleil","article_published_time":"2016-04-29T12:02:17+00:00","article_modified_time":"2019-12-17T17:08:21+00:00","og_image":[{"width":150,"height":150,"url":"https:\/\/sunyouth.org\/wp-content\/uploads\/2018\/10\/Johanne_Halle_musee_Stewart.jpg","type":"image\/jpeg"}],"author":"ann.st.arnaud@jas-sy.org","twitter_card":"summary_large_image","twitter_misc":{"\u00c9crit par":"ann.st.arnaud@jas-sy.org","Dur\u00e9e de lecture estim\u00e9e":"2 minutes"},"schema":{"@context":"https:\/\/schema.org","@graph":[{"@type":"Article","@id":"https:\/\/sunyouth.org\/fr\/sun-youth-celebrates-volunteer-week\/#article","isPartOf":{"@id":"https:\/\/sunyouth.org\/fr\/sun-youth-celebrates-volunteer-week\/"},"author":{"name":"ann.st.arnaud@jas-sy.org","@id":"https:\/\/sunyouth.org\/#\/schema\/person\/0d6c84a28140a8e150df2c482c74fd0b"},"headline":"Sun Youth celebrates Volunteer week","datePublished":"2016-04-29T12:02:17+00:00","dateModified":"2019-12-17T17:08:21+00:00","mainEntityOfPage":{"@id":"https:\/\/sunyouth.org\/fr\/sun-youth-celebrates-volunteer-week\/"},"wordCount":422,"commentCount":0,"publisher":{"@id":"https:\/\/sunyouth.org\/#organization"},"image":{"@id":"https:\/\/sunyouth.org\/fr\/sun-youth-celebrates-volunteer-week\/#primaryimage"},"thumbnailUrl":"https:\/\/sunyouth.org\/wp-content\/uploads\/2018\/10\/Johanne_Halle_musee_Stewart.jpg","articleSection":["B\u00e9n\u00e9volat"],"inLanguage":"fr-FR"},{"@type":"WebPage","@id":"https:\/\/sunyouth.org\/fr\/sun-youth-celebrates-volunteer-week\/","url":"https:\/\/sunyouth.org\/fr\/sun-youth-celebrates-volunteer-week\/","name":"Sun Youth celebrates National Volunteer week","isPartOf":{"@id":"https:\/\/sunyouth.org\/#website"},"primaryImageOfPage":{"@id":"https:\/\/sunyouth.org\/fr\/sun-youth-celebrates-volunteer-week\/#primaryimage"},"image":{"@id":"https:\/\/sunyouth.org\/fr\/sun-youth-celebrates-volunteer-week\/#primaryimage"},"thumbnailUrl":"https:\/\/sunyouth.org\/wp-content\/uploads\/2018\/10\/Johanne_Halle_musee_Stewart.jpg","datePublished":"2016-04-29T12:02:17+00:00","dateModified":"2019-12-17T17:08:21+00:00","description":"The Volunteer Week 2016 took place April 10 to 16 and to demonstrate its appreciation, Sun Youth organized a day of activities at the Stewart Museum to celebrate its volunteers.","breadcrumb":{"@id":"https:\/\/sunyouth.org\/fr\/sun-youth-celebrates-volunteer-week\/#breadcrumb"},"inLanguage":"fr-FR","potentialAction":[{"@type":"ReadAction","target":["https:\/\/sunyouth.org\/fr\/sun-youth-celebrates-volunteer-week\/"]}]},{"@type":"ImageObject","inLanguage":"fr-FR","@id":"https:\/\/sunyouth.org\/fr\/sun-youth-celebrates-volunteer-week\/#primaryimage","url":"https:\/\/sunyouth.org\/wp-content\/uploads\/2018\/10\/Johanne_Halle_musee_Stewart.jpg","contentUrl":"https:\/\/sunyouth.org\/wp-content\/uploads\/2018\/10\/Johanne_Halle_musee_Stewart.jpg","width":150,"height":150},{"@type":"BreadcrumbList","@id":"https:\/\/sunyouth.org\/fr\/sun-youth-celebrates-volunteer-week\/#breadcrumb","itemListElement":[{"@type":"ListItem","position":1,"name":"Home","item":"https:\/\/sunyouth.org\/fr\/"},{"@type":"ListItem","position":2,"name":"Sun Youth celebrates Volunteer week"}]},{"@type":"WebSite","@id":"https:\/\/sunyouth.org\/#website","url":"https:\/\/sunyouth.org\/","name":"Jeunesse au soleil","description":"Dedicated since 1954!","publisher":{"@id":"https:\/\/sunyouth.org\/#organization"},"potentialAction":[{"@type":"SearchAction","target":{"@type":"EntryPoint","urlTemplate":"https:\/\/sunyouth.org\/?s={search_term_string}"},"query-input":{"@type":"PropertyValueSpecification","valueRequired":true,"valueName":"search_term_string"}}],"inLanguage":"fr-FR"},{"@type":"Organization","@id":"https:\/\/sunyouth.org\/#organization","name":"SUN YOUTH","url":"https:\/\/sunyouth.org\/","logo":{"@type":"ImageObject","inLanguage":"fr-FR","@id":"https:\/\/sunyouth.org\/#\/schema\/logo\/image\/","url":"https:\/\/sunyouth.org\/wp-content\/uploads\/2018\/11\/LOGO-SUNYOUTH.png","contentUrl":"https:\/\/sunyouth.org\/wp-content\/uploads\/2018\/11\/LOGO-SUNYOUTH.png","width":251,"height":251,"caption":"SUN YOUTH"},"image":{"@id":"https:\/\/sunyouth.org\/#\/schema\/logo\/image\/"}},{"@type":"Person","@id":"https:\/\/sunyouth.org\/#\/schema\/person\/0d6c84a28140a8e150df2c482c74fd0b","name":"ann.st.arnaud@jas-sy.org","image":{"@type":"ImageObject","inLanguage":"fr-FR","@id":"https:\/\/secure.gravatar.com\/avatar\/6ad1a3e4c02bf673e549a3e6da94cbd3bd1e56a7895fda73a75f017ff717f16b?s=96&d=mm&r=g","url":"https:\/\/secure.gravatar.com\/avatar\/6ad1a3e4c02bf673e549a3e6da94cbd3bd1e56a7895fda73a75f017ff717f16b?s=96&d=mm&r=g","contentUrl":"https:\/\/secure.gravatar.com\/avatar\/6ad1a3e4c02bf673e549a3e6da94cbd3bd1e56a7895fda73a75f017ff717f16b?s=96&d=mm&r=g","caption":"ann.st.arnaud@jas-sy.org"}}]}},"menu_order":256,"_links":{"self":[{"href":"https:\/\/sunyouth.org\/fr\/wp-json\/wp\/v2\/posts\/154321","targetHints":{"allow":["GET"]}}],"collection":[{"href":"https:\/\/sunyouth.org\/fr\/wp-json\/wp\/v2\/posts"}],"about":[{"href":"https:\/\/sunyouth.org\/fr\/wp-json\/wp\/v2\/types\/post"}],"author":[{"embeddable":true,"href":"https:\/\/sunyouth.org\/fr\/wp-json\/wp\/v2\/users\/32"}],"replies":[{"embeddable":true,"href":"https:\/\/sunyouth.org\/fr\/wp-json\/wp\/v2\/comments?post=154321"}],"version-history":[{"count":1,"href":"https:\/\/sunyouth.org\/fr\/wp-json\/wp\/v2\/posts\/154321\/revisions"}],"predecessor-version":[{"id":154490,"href":"https:\/\/sunyouth.org\/fr\/wp-json\/wp\/v2\/posts\/154321\/revisions\/154490"}],"wp:featuredmedia":[{"embeddable":true,"href":"https:\/\/sunyouth.org\/fr\/wp-json\/wp\/v2\/media\/152823"}],"wp:attachment":[{"href":"https:\/\/sunyouth.org\/fr\/wp-json\/wp\/v2\/media?parent=154321"}],"wp:term":[{"taxonomy":"category","embeddable":true,"href":"https:\/\/sunyouth.org\/fr\/wp-json\/wp\/v2\/categories?post=154321"},{"taxonomy":"post_tag","embeddable":true,"href":"https:\/\/sunyouth.org\/fr\/wp-json\/wp\/v2\/tags?post=154321"}],"curies":[{"name":"wp","href":"https:\/\/api.w.org\/{rel}","templated":true}]}}