{"id":152290,"date":"2019-11-08T17:56:00","date_gmt":"2019-11-08T17:56:00","guid":{"rendered":"https:\/\/sunyouth.org\/le-groupe-clv-et-interrent-reit-soutiennent-jeunesse-au-soleil\/"},"modified":"2019-12-15T08:06:28","modified_gmt":"2019-12-15T08:06:28","slug":"le-groupe-clv-et-interrent-reit-soutiennent-jeunesse-au-soleil","status":"publish","type":"post","link":"https:\/\/sunyouth.org\/fr\/le-groupe-clv-et-interrent-reit-soutiennent-jeunesse-au-soleil\/","title":{"rendered":"Le groupe CLV et InterRent REIT soutiennent Jeunesse au Soleil"},"content":{"rendered":"<p>Le 31 octobre 2019, Jeunesse au Soleil a eu le plaisir d&rsquo;accueillir des repr\u00e9sentants du<strong> groupe CLV<\/strong>, dont <strong>Mike McGahan<\/strong>, son pr\u00e9sident et chef de la direction. Ces personnes g\u00e9n\u00e9reuses avaient en main un cadeau bien sp\u00e9cial\u00a0: un ch\u00e8que de 50 000 $ pour les programmes de sports et loisirs de l&rsquo;organisme. Ces fonds ont \u00e9t\u00e9 recueillis lors du <strong>tournoi de golf Mike McCann Memorial Charity<\/strong>, organis\u00e9 par le <strong>Groupe CLV et InterRent REIT<\/strong> le 12 septembre dernier au Meadows Golf &amp; Country Club \u00e0 Ottawa. Au total, 758 375 $ ont \u00e9t\u00e9 amass\u00e9s lors du tournoi pour 10 organismes sans but lucratif, dont Jeunesse au Soleil.<\/p>\n<p>Chaque ann\u00e9e, 600 enfants participent aux programmes sportifs et r\u00e9cr\u00e9atifs de Jeunesse au Soleil. L&rsquo;organisation offre des comp\u00e9titions de basketball et de football avec ses \u00e9quipes de Hornets, mais aussi un programme de d\u00e9veloppement du hockey et un camp de jour en \u00e9t\u00e9. Jeunesse au Soleil offre \u00e9galement un programme de tutorat et de mentorat pour ses jeunes athl\u00e8tes afin qu&rsquo;ils soient \u00e0 leur meilleur \u00e0 l&rsquo;\u00e9cole, les aidant \u00e0 faire leurs devoirs apr\u00e8s les cours et avant les pratiques et autres activit\u00e9s.<\/p>\n<p>Le Groupe CLV est une soci\u00e9t\u00e9 immobili\u00e8re bas\u00e9e \u00e0 Ottawa qui se sp\u00e9cialise dans la gestion immobili\u00e8re. InterRent REIT est une soci\u00e9t\u00e9 de placement immobilier cot\u00e9e en bourse qui poss\u00e8de un portefeuille de plus de 10 000 appartements en Ontario et au Qu\u00e9bec.<\/p>\n<p>Jeunesse au Soleil est tr\u00e8s fi\u00e8re de s&rsquo;associer une fois de plus au groupe CLV et \u00e0 InterRent REIT et, gr\u00e2ce \u00e0 leur g\u00e9n\u00e9reux soutien financier, se r\u00e9jouit d&rsquo;aider les enfants de milieux d\u00e9favoris\u00e9s \u00e0 participer \u00e0 des programmes de sports et de loisirs dans un environnement s\u00e9curitaire et constructif.<\/p>\n<p><img class=\"wp-image-151305 aligncenter\" src=\"https:\/\/sunyouth.org\/wp-content\/uploads\/2019\/11\/photo-1024x683.jpg\" alt=\"\" width=\"566\" height=\"377\" srcset=\"https:\/\/sunyouth.org\/wp-content\/uploads\/2019\/11\/photo-1024x683.jpg 1024w, https:\/\/sunyouth.org\/wp-content\/uploads\/2019\/11\/photo-300x200.jpg 300w, https:\/\/sunyouth.org\/wp-content\/uploads\/2019\/11\/photo-768x512.jpg 768w, https:\/\/sunyouth.org\/wp-content\/uploads\/2019\/11\/photo-600x400.jpg 600w, https:\/\/sunyouth.org\/wp-content\/uploads\/2019\/11\/photo-128x85.jpg 128w, https:\/\/sunyouth.org\/wp-content\/uploads\/2019\/11\/photo-32x21.jpg 32w, https:\/\/sunyouth.org\/wp-content\/uploads\/2019\/11\/photo-24x16.jpg 24w, https:\/\/sunyouth.org\/wp-content\/uploads\/2019\/11\/photo-36x24.jpg 36w, https:\/\/sunyouth.org\/wp-content\/uploads\/2019\/11\/photo-48x32.jpg 48w, https:\/\/sunyouth.org\/wp-content\/uploads\/2019\/11\/photo.jpg 1600w\" sizes=\"(max-width: 566px) 100vw, 566px\" \/><\/p>\n<p><strong>Sid Stevens<\/strong>, cofondateur de Jeunesse au Soleil, accepte la contribution du groupe CLV et de InterRent des mains du pr\u00e9sident et chef de la direction <strong>Mike McGahan<\/strong>. Photo : Fran\u00e7ois Turgeon.<\/p>\n","protected":false},"excerpt":{"rendered":"<p>Le 31 octobre 2019, Jeunesse au Soleil a eu le plaisir d&rsquo;accueillir des repr\u00e9sentants du groupe CLV, dont Mike McGahan, son pr\u00e9sident&#8230;<\/p>\n","protected":false},"author":12,"featured_media":154053,"comment_status":"closed","ping_status":"open","sticky":false,"template":"","format":"standard","meta":{"_acf_changed":false,"_monsterinsights_skip_tracking":false,"_monsterinsights_sitenote_active":false,"_monsterinsights_sitenote_note":"","_monsterinsights_sitenote_category":0,"footnotes":""},"categories":[548,558,155,572],"tags":[],"class_list":{"0":"post-152290","1":"post","2":"type-post","3":"status-publish","4":"format-standard","5":"has-post-thumbnail","7":"category-communaute","8":"category-partenaires","9":"category-services","10":"category-sports-fr"},"acf":[],"yoast_head":"<!-- This site is optimized with the Yoast SEO plugin v27.4 - https:\/\/yoast.com\/product\/yoast-seo-wordpress\/ -->\n<title>Le groupe CLV et InterRent REIT soutiennent Jeunesse au Soleil - Jeunesse au soleil<\/title>\n<meta name=\"robots\" content=\"index, follow, max-snippet:-1, max-image-preview:large, max-video-preview:-1\" \/>\n<link rel=\"canonical\" href=\"https:\/\/sunyouth.org\/fr\/le-groupe-clv-et-interrent-reit-soutiennent-jeunesse-au-soleil\/\" \/>\n<meta property=\"og:locale\" content=\"fr_FR\" \/>\n<meta property=\"og:type\" content=\"article\" \/>\n<meta property=\"og:title\" content=\"Le groupe CLV et InterRent REIT soutiennent Jeunesse au Soleil - Jeunesse au soleil\" \/>\n<meta property=\"og:description\" content=\"Le 31 octobre 2019, Jeunesse au Soleil a eu le plaisir d&rsquo;accueillir des repr\u00e9sentants du groupe CLV, dont Mike McGahan, son pr\u00e9sident...\" \/>\n<meta property=\"og:url\" content=\"https:\/\/sunyouth.org\/fr\/le-groupe-clv-et-interrent-reit-soutiennent-jeunesse-au-soleil\/\" \/>\n<meta property=\"og:site_name\" content=\"Jeunesse au soleil\" \/>\n<meta property=\"article:published_time\" content=\"2019-11-08T17:56:00+00:00\" \/>\n<meta property=\"article:modified_time\" content=\"2019-12-15T08:06:28+00:00\" \/>\n<meta property=\"og:image\" content=\"https:\/\/sunyouth.org\/wp-content\/uploads\/2019\/11\/photo.jpg\" \/>\n\t<meta property=\"og:image:width\" content=\"1600\" \/>\n\t<meta property=\"og:image:height\" content=\"1067\" \/>\n\t<meta property=\"og:image:type\" content=\"image\/jpeg\" \/>\n<meta name=\"author\" content=\"annsyo\" \/>\n<meta name=\"twitter:card\" content=\"summary_large_image\" \/>\n<meta name=\"twitter:label1\" content=\"\u00c9crit par\" \/>\n\t<meta name=\"twitter:data1\" content=\"annsyo\" \/>\n\t<meta name=\"twitter:label2\" content=\"Dur\u00e9e de lecture estim\u00e9e\" \/>\n\t<meta name=\"twitter:data2\" content=\"2 minutes\" \/>\n<script type=\"application\/ld+json\" class=\"yoast-schema-graph\">{\"@context\":\"https:\\\/\\\/schema.org\",\"@graph\":[{\"@type\":\"Article\",\"@id\":\"https:\\\/\\\/sunyouth.org\\\/fr\\\/le-groupe-clv-et-interrent-reit-soutiennent-jeunesse-au-soleil\\\/#article\",\"isPartOf\":{\"@id\":\"https:\\\/\\\/sunyouth.org\\\/fr\\\/le-groupe-clv-et-interrent-reit-soutiennent-jeunesse-au-soleil\\\/\"},\"author\":{\"name\":\"annsyo\",\"@id\":\"https:\\\/\\\/sunyouth.org\\\/#\\\/schema\\\/person\\\/b0259e8a83de4804e5f08b9602c8f043\"},\"headline\":\"Le groupe CLV et InterRent REIT soutiennent Jeunesse au Soleil\",\"datePublished\":\"2019-11-08T17:56:00+00:00\",\"dateModified\":\"2019-12-15T08:06:28+00:00\",\"mainEntityOfPage\":{\"@id\":\"https:\\\/\\\/sunyouth.org\\\/fr\\\/le-groupe-clv-et-interrent-reit-soutiennent-jeunesse-au-soleil\\\/\"},\"wordCount\":337,\"publisher\":{\"@id\":\"https:\\\/\\\/sunyouth.org\\\/#organization\"},\"image\":{\"@id\":\"https:\\\/\\\/sunyouth.org\\\/fr\\\/le-groupe-clv-et-interrent-reit-soutiennent-jeunesse-au-soleil\\\/#primaryimage\"},\"thumbnailUrl\":\"https:\\\/\\\/sunyouth.org\\\/wp-content\\\/uploads\\\/2019\\\/11\\\/photo.jpg\",\"articleSection\":[\"Communaut\u00e9\",\"Partenaires\",\"Services\",\"Sports\"],\"inLanguage\":\"fr-FR\"},{\"@type\":\"WebPage\",\"@id\":\"https:\\\/\\\/sunyouth.org\\\/fr\\\/le-groupe-clv-et-interrent-reit-soutiennent-jeunesse-au-soleil\\\/\",\"url\":\"https:\\\/\\\/sunyouth.org\\\/fr\\\/le-groupe-clv-et-interrent-reit-soutiennent-jeunesse-au-soleil\\\/\",\"name\":\"Le groupe CLV et InterRent REIT soutiennent Jeunesse au Soleil - Jeunesse au soleil\",\"isPartOf\":{\"@id\":\"https:\\\/\\\/sunyouth.org\\\/#website\"},\"primaryImageOfPage\":{\"@id\":\"https:\\\/\\\/sunyouth.org\\\/fr\\\/le-groupe-clv-et-interrent-reit-soutiennent-jeunesse-au-soleil\\\/#primaryimage\"},\"image\":{\"@id\":\"https:\\\/\\\/sunyouth.org\\\/fr\\\/le-groupe-clv-et-interrent-reit-soutiennent-jeunesse-au-soleil\\\/#primaryimage\"},\"thumbnailUrl\":\"https:\\\/\\\/sunyouth.org\\\/wp-content\\\/uploads\\\/2019\\\/11\\\/photo.jpg\",\"datePublished\":\"2019-11-08T17:56:00+00:00\",\"dateModified\":\"2019-12-15T08:06:28+00:00\",\"breadcrumb\":{\"@id\":\"https:\\\/\\\/sunyouth.org\\\/fr\\\/le-groupe-clv-et-interrent-reit-soutiennent-jeunesse-au-soleil\\\/#breadcrumb\"},\"inLanguage\":\"fr-FR\",\"potentialAction\":[{\"@type\":\"ReadAction\",\"target\":[\"https:\\\/\\\/sunyouth.org\\\/fr\\\/le-groupe-clv-et-interrent-reit-soutiennent-jeunesse-au-soleil\\\/\"]}]},{\"@type\":\"ImageObject\",\"inLanguage\":\"fr-FR\",\"@id\":\"https:\\\/\\\/sunyouth.org\\\/fr\\\/le-groupe-clv-et-interrent-reit-soutiennent-jeunesse-au-soleil\\\/#primaryimage\",\"url\":\"https:\\\/\\\/sunyouth.org\\\/wp-content\\\/uploads\\\/2019\\\/11\\\/photo.jpg\",\"contentUrl\":\"https:\\\/\\\/sunyouth.org\\\/wp-content\\\/uploads\\\/2019\\\/11\\\/photo.jpg\",\"width\":1600,\"height\":1067},{\"@type\":\"BreadcrumbList\",\"@id\":\"https:\\\/\\\/sunyouth.org\\\/fr\\\/le-groupe-clv-et-interrent-reit-soutiennent-jeunesse-au-soleil\\\/#breadcrumb\",\"itemListElement\":[{\"@type\":\"ListItem\",\"position\":1,\"name\":\"Home\",\"item\":\"https:\\\/\\\/sunyouth.org\\\/fr\\\/\"},{\"@type\":\"ListItem\",\"position\":2,\"name\":\"Le groupe CLV et InterRent REIT soutiennent Jeunesse au Soleil\"}]},{\"@type\":\"WebSite\",\"@id\":\"https:\\\/\\\/sunyouth.org\\\/#website\",\"url\":\"https:\\\/\\\/sunyouth.org\\\/\",\"name\":\"Jeunesse au soleil\",\"description\":\"Dedicated since 1954!\",\"publisher\":{\"@id\":\"https:\\\/\\\/sunyouth.org\\\/#organization\"},\"potentialAction\":[{\"@type\":\"SearchAction\",\"target\":{\"@type\":\"EntryPoint\",\"urlTemplate\":\"https:\\\/\\\/sunyouth.org\\\/?s={search_term_string}\"},\"query-input\":{\"@type\":\"PropertyValueSpecification\",\"valueRequired\":true,\"valueName\":\"search_term_string\"}}],\"inLanguage\":\"fr-FR\"},{\"@type\":\"Organization\",\"@id\":\"https:\\\/\\\/sunyouth.org\\\/#organization\",\"name\":\"SUN YOUTH\",\"url\":\"https:\\\/\\\/sunyouth.org\\\/\",\"logo\":{\"@type\":\"ImageObject\",\"inLanguage\":\"fr-FR\",\"@id\":\"https:\\\/\\\/sunyouth.org\\\/#\\\/schema\\\/logo\\\/image\\\/\",\"url\":\"https:\\\/\\\/sunyouth.org\\\/wp-content\\\/uploads\\\/2018\\\/11\\\/LOGO-SUNYOUTH.png\",\"contentUrl\":\"https:\\\/\\\/sunyouth.org\\\/wp-content\\\/uploads\\\/2018\\\/11\\\/LOGO-SUNYOUTH.png\",\"width\":251,\"height\":251,\"caption\":\"SUN YOUTH\"},\"image\":{\"@id\":\"https:\\\/\\\/sunyouth.org\\\/#\\\/schema\\\/logo\\\/image\\\/\"}},{\"@type\":\"Person\",\"@id\":\"https:\\\/\\\/sunyouth.org\\\/#\\\/schema\\\/person\\\/b0259e8a83de4804e5f08b9602c8f043\",\"name\":\"annsyo\",\"image\":{\"@type\":\"ImageObject\",\"inLanguage\":\"fr-FR\",\"@id\":\"https:\\\/\\\/secure.gravatar.com\\\/avatar\\\/9dc6ddf66fff71d6342b53076fb04addad583bc7c948b68a1f8f367a3a0cfb23?s=96&d=mm&r=g\",\"url\":\"https:\\\/\\\/secure.gravatar.com\\\/avatar\\\/9dc6ddf66fff71d6342b53076fb04addad583bc7c948b68a1f8f367a3a0cfb23?s=96&d=mm&r=g\",\"contentUrl\":\"https:\\\/\\\/secure.gravatar.com\\\/avatar\\\/9dc6ddf66fff71d6342b53076fb04addad583bc7c948b68a1f8f367a3a0cfb23?s=96&d=mm&r=g\",\"caption\":\"annsyo\"}}]}<\/script>\n<!-- \/ Yoast SEO plugin. -->","yoast_head_json":{"title":"Le groupe CLV et InterRent REIT soutiennent Jeunesse au Soleil - Jeunesse au soleil","robots":{"index":"index","follow":"follow","max-snippet":"max-snippet:-1","max-image-preview":"max-image-preview:large","max-video-preview":"max-video-preview:-1"},"canonical":"https:\/\/sunyouth.org\/fr\/le-groupe-clv-et-interrent-reit-soutiennent-jeunesse-au-soleil\/","og_locale":"fr_FR","og_type":"article","og_title":"Le groupe CLV et InterRent REIT soutiennent Jeunesse au Soleil - Jeunesse au soleil","og_description":"Le 31 octobre 2019, Jeunesse au Soleil a eu le plaisir d&rsquo;accueillir des repr\u00e9sentants du groupe CLV, dont Mike McGahan, son pr\u00e9sident...","og_url":"https:\/\/sunyouth.org\/fr\/le-groupe-clv-et-interrent-reit-soutiennent-jeunesse-au-soleil\/","og_site_name":"Jeunesse au soleil","article_published_time":"2019-11-08T17:56:00+00:00","article_modified_time":"2019-12-15T08:06:28+00:00","og_image":[{"width":1600,"height":1067,"url":"https:\/\/sunyouth.org\/wp-content\/uploads\/2019\/11\/photo.jpg","type":"image\/jpeg"}],"author":"annsyo","twitter_card":"summary_large_image","twitter_misc":{"\u00c9crit par":"annsyo","Dur\u00e9e de lecture estim\u00e9e":"2 minutes"},"schema":{"@context":"https:\/\/schema.org","@graph":[{"@type":"Article","@id":"https:\/\/sunyouth.org\/fr\/le-groupe-clv-et-interrent-reit-soutiennent-jeunesse-au-soleil\/#article","isPartOf":{"@id":"https:\/\/sunyouth.org\/fr\/le-groupe-clv-et-interrent-reit-soutiennent-jeunesse-au-soleil\/"},"author":{"name":"annsyo","@id":"https:\/\/sunyouth.org\/#\/schema\/person\/b0259e8a83de4804e5f08b9602c8f043"},"headline":"Le groupe CLV et InterRent REIT soutiennent Jeunesse au Soleil","datePublished":"2019-11-08T17:56:00+00:00","dateModified":"2019-12-15T08:06:28+00:00","mainEntityOfPage":{"@id":"https:\/\/sunyouth.org\/fr\/le-groupe-clv-et-interrent-reit-soutiennent-jeunesse-au-soleil\/"},"wordCount":337,"publisher":{"@id":"https:\/\/sunyouth.org\/#organization"},"image":{"@id":"https:\/\/sunyouth.org\/fr\/le-groupe-clv-et-interrent-reit-soutiennent-jeunesse-au-soleil\/#primaryimage"},"thumbnailUrl":"https:\/\/sunyouth.org\/wp-content\/uploads\/2019\/11\/photo.jpg","articleSection":["Communaut\u00e9","Partenaires","Services","Sports"],"inLanguage":"fr-FR"},{"@type":"WebPage","@id":"https:\/\/sunyouth.org\/fr\/le-groupe-clv-et-interrent-reit-soutiennent-jeunesse-au-soleil\/","url":"https:\/\/sunyouth.org\/fr\/le-groupe-clv-et-interrent-reit-soutiennent-jeunesse-au-soleil\/","name":"Le groupe CLV et InterRent REIT soutiennent Jeunesse au Soleil - Jeunesse au soleil","isPartOf":{"@id":"https:\/\/sunyouth.org\/#website"},"primaryImageOfPage":{"@id":"https:\/\/sunyouth.org\/fr\/le-groupe-clv-et-interrent-reit-soutiennent-jeunesse-au-soleil\/#primaryimage"},"image":{"@id":"https:\/\/sunyouth.org\/fr\/le-groupe-clv-et-interrent-reit-soutiennent-jeunesse-au-soleil\/#primaryimage"},"thumbnailUrl":"https:\/\/sunyouth.org\/wp-content\/uploads\/2019\/11\/photo.jpg","datePublished":"2019-11-08T17:56:00+00:00","dateModified":"2019-12-15T08:06:28+00:00","breadcrumb":{"@id":"https:\/\/sunyouth.org\/fr\/le-groupe-clv-et-interrent-reit-soutiennent-jeunesse-au-soleil\/#breadcrumb"},"inLanguage":"fr-FR","potentialAction":[{"@type":"ReadAction","target":["https:\/\/sunyouth.org\/fr\/le-groupe-clv-et-interrent-reit-soutiennent-jeunesse-au-soleil\/"]}]},{"@type":"ImageObject","inLanguage":"fr-FR","@id":"https:\/\/sunyouth.org\/fr\/le-groupe-clv-et-interrent-reit-soutiennent-jeunesse-au-soleil\/#primaryimage","url":"https:\/\/sunyouth.org\/wp-content\/uploads\/2019\/11\/photo.jpg","contentUrl":"https:\/\/sunyouth.org\/wp-content\/uploads\/2019\/11\/photo.jpg","width":1600,"height":1067},{"@type":"BreadcrumbList","@id":"https:\/\/sunyouth.org\/fr\/le-groupe-clv-et-interrent-reit-soutiennent-jeunesse-au-soleil\/#breadcrumb","itemListElement":[{"@type":"ListItem","position":1,"name":"Home","item":"https:\/\/sunyouth.org\/fr\/"},{"@type":"ListItem","position":2,"name":"Le groupe CLV et InterRent REIT soutiennent Jeunesse au Soleil"}]},{"@type":"WebSite","@id":"https:\/\/sunyouth.org\/#website","url":"https:\/\/sunyouth.org\/","name":"Jeunesse au soleil","description":"Dedicated since 1954!","publisher":{"@id":"https:\/\/sunyouth.org\/#organization"},"potentialAction":[{"@type":"SearchAction","target":{"@type":"EntryPoint","urlTemplate":"https:\/\/sunyouth.org\/?s={search_term_string}"},"query-input":{"@type":"PropertyValueSpecification","valueRequired":true,"valueName":"search_term_string"}}],"inLanguage":"fr-FR"},{"@type":"Organization","@id":"https:\/\/sunyouth.org\/#organization","name":"SUN YOUTH","url":"https:\/\/sunyouth.org\/","logo":{"@type":"ImageObject","inLanguage":"fr-FR","@id":"https:\/\/sunyouth.org\/#\/schema\/logo\/image\/","url":"https:\/\/sunyouth.org\/wp-content\/uploads\/2018\/11\/LOGO-SUNYOUTH.png","contentUrl":"https:\/\/sunyouth.org\/wp-content\/uploads\/2018\/11\/LOGO-SUNYOUTH.png","width":251,"height":251,"caption":"SUN YOUTH"},"image":{"@id":"https:\/\/sunyouth.org\/#\/schema\/logo\/image\/"}},{"@type":"Person","@id":"https:\/\/sunyouth.org\/#\/schema\/person\/b0259e8a83de4804e5f08b9602c8f043","name":"annsyo","image":{"@type":"ImageObject","inLanguage":"fr-FR","@id":"https:\/\/secure.gravatar.com\/avatar\/9dc6ddf66fff71d6342b53076fb04addad583bc7c948b68a1f8f367a3a0cfb23?s=96&d=mm&r=g","url":"https:\/\/secure.gravatar.com\/avatar\/9dc6ddf66fff71d6342b53076fb04addad583bc7c948b68a1f8f367a3a0cfb23?s=96&d=mm&r=g","contentUrl":"https:\/\/secure.gravatar.com\/avatar\/9dc6ddf66fff71d6342b53076fb04addad583bc7c948b68a1f8f367a3a0cfb23?s=96&d=mm&r=g","caption":"annsyo"}}]}},"menu_order":32,"_links":{"self":[{"href":"https:\/\/sunyouth.org\/fr\/wp-json\/wp\/v2\/posts\/152290","targetHints":{"allow":["GET"]}}],"collection":[{"href":"https:\/\/sunyouth.org\/fr\/wp-json\/wp\/v2\/posts"}],"about":[{"href":"https:\/\/sunyouth.org\/fr\/wp-json\/wp\/v2\/types\/post"}],"author":[{"embeddable":true,"href":"https:\/\/sunyouth.org\/fr\/wp-json\/wp\/v2\/users\/12"}],"replies":[{"embeddable":true,"href":"https:\/\/sunyouth.org\/fr\/wp-json\/wp\/v2\/comments?post=152290"}],"version-history":[{"count":2,"href":"https:\/\/sunyouth.org\/fr\/wp-json\/wp\/v2\/posts\/152290\/revisions"}],"predecessor-version":[{"id":154408,"href":"https:\/\/sunyouth.org\/fr\/wp-json\/wp\/v2\/posts\/152290\/revisions\/154408"}],"wp:featuredmedia":[{"embeddable":true,"href":"https:\/\/sunyouth.org\/fr\/wp-json\/wp\/v2\/media\/154053"}],"wp:attachment":[{"href":"https:\/\/sunyouth.org\/fr\/wp-json\/wp\/v2\/media?parent=152290"}],"wp:term":[{"taxonomy":"category","embeddable":true,"href":"https:\/\/sunyouth.org\/fr\/wp-json\/wp\/v2\/categories?post=152290"},{"taxonomy":"post_tag","embeddable":true,"href":"https:\/\/sunyouth.org\/fr\/wp-json\/wp\/v2\/tags?post=152290"}],"curies":[{"name":"wp","href":"https:\/\/api.w.org\/{rel}","templated":true}]}}