{"id":152260,"date":"2019-06-20T15:25:34","date_gmt":"2019-06-20T15:25:34","guid":{"rendered":"https:\/\/sunyouth.org\/un-35e-ete-consecutif-pour-la-patrouille-a-velo-de-jeunesse-au-soleil\/"},"modified":"2019-06-20T15:25:34","modified_gmt":"2019-06-20T15:25:34","slug":"un-35e-ete-consecutif-pour-la-patrouille-a-velo-de-jeunesse-au-soleil","status":"publish","type":"post","link":"https:\/\/sunyouth.org\/fr\/un-35e-ete-consecutif-pour-la-patrouille-a-velo-de-jeunesse-au-soleil\/","title":{"rendered":"Un 35e \u00e9t\u00e9 cons\u00e9cutif pour la patrouille \u00e0 v\u00e9lo de Jeunesse au Soleil!"},"content":{"rendered":"<p>Le 31 mai dernier, Jeunesse au Soleil proc\u00e9dait \u00e0 la c\u00e9r\u00e9monie d\u2019assermentation de sa patrouille \u00e0 v\u00e9lo au quartier g\u00e9n\u00e9ral du Service de police de la ville de Montr\u00e9al (SPVM) en pr\u00e9sence de repr\u00e9sentants du SPVM dont l\u2019inspecteur-chef Vincent Richer. Pour un 35<sup>e<\/sup> \u00e9t\u00e9 cons\u00e9cutif, la patrouille \u00e0 v\u00e9lo de Jeunesse au Soleil, compos\u00e9e cette ann\u00e9e de 23 patrouilleurs dont 4 ado-patrouilleurs, collaborera \u00e9troitement avec 9 postes de quartier du SPVM, r\u00e9partis sur toute l\u2019\u00eele de Montr\u00e9al. Les effectifs de la patrouille \u00e0 v\u00e9lo seront actifs durant une p\u00e9riode de 10 semaines, d\u00e9butant le 3 juin et se terminant le 9 ao\u00fbt 2019<\/p>\n<p>Durant tout l\u2019\u00e9t\u00e9, la patrouille \u00e0 v\u00e9lo sera pr\u00e9sente dans les rues, les pistes cyclables et les parcs du Grand Montr\u00e9al afin d\u2019augmenter le sentiment de s\u00e9curit\u00e9 de la communaut\u00e9. Il s&rsquo;agit d&rsquo;un groupe diversifi\u00e9 de jeunes ayant un d\u00e9sir commun d\u2019am\u00e9liorer leur communaut\u00e9. Form\u00e9s en premiers soins, les patrouilleurs offriront \u00e9galement des s\u00e9minaires sur la s\u00e9curit\u00e9 \u00e0 v\u00e9lo et seront pr\u00e9sents lors des festivals, \u00e9v\u00e9nements communautaires et collectes de fonds pour les organisations locales. Peu importe leur affectation, ils agiront comme les yeux et les oreilles du Service de police de la ville de Montr\u00e9al.<\/p>\n<p>Cette 35<sup>e<\/sup> \u00e9dition de la patrouille \u00e0 v\u00e9lo est rendue possible gr\u00e2ce \u00e0 l&rsquo;appui du gouvernement f\u00e9d\u00e9ral du Canada, du minist\u00e8re de la S\u00e9curit\u00e9 publique du Qu\u00e9bec de m\u00eame que de celui des entreprises priv\u00e9es, notamment les Industries Dorel qui fourniront les robustes v\u00e9los de montagne utilis\u00e9s par nos patrouilleurs cet \u00e9t\u00e9. Aussi, le directeur g\u00e9n\u00e9ral de Toyota Gabriel, Nazih Chemali, mettra \u00e0 la disposition de notre \u00e9quipe un v\u00e9hicule automobile. Notons aussi la participation de la Fondation Gustav Levinschi.<\/p>\n<p><img class=\"wp-image-149337 size-full aligncenter\" src=\"https:\/\/sunyouth.org\/wp-content\/uploads\/2019\/06\/1H1A8965-e1561044103483.jpg\" alt=\"\" width=\"681\" height=\"480\" \/><\/p>\n<p>&nbsp;<\/p>\n<p>L&rsquo;\u00e9quipe de patrouille \u00e0 v\u00e9lo du\u00a0<strong>PDQ 1<\/strong> (Baie-D&rsquo;Urf\u00e9, Beaconsfield, Kirkland, Sainte-Anne-de-Bellevue and Senneville). De gauche \u00e0 droite: (rang\u00e9e avant) Le patrouilleur\u00a0<strong>Philippe Roy<\/strong>, le superviseur (West-Island)\u00a0<strong>Robert Parsons<\/strong>, la patrouilleuse\u00a0<strong>Teresa Galvan<\/strong>, (rang\u00e9e arri\u00e8re) le coordinateur du d\u00e9partement de pr\u00e9vention du crime\u00a0<strong>Jonathan Caisse<\/strong> et le coordinateur de la patrouille \u00e0 v\u00e9lo\u00a0<strong>Abdel Rouchdi<\/strong>. Photo: Caroline Viger-Lazare.<\/p>\n","protected":false},"excerpt":{"rendered":"<p>Le 31 mai dernier, Jeunesse au Soleil proc\u00e9dait \u00e0 la c\u00e9r\u00e9monie d\u2019assermentation de sa patrouille \u00e0 v\u00e9lo au quartier g\u00e9n\u00e9ral du Service&#8230;<\/p>\n","protected":false},"author":12,"featured_media":153520,"comment_status":"closed","ping_status":"open","sticky":false,"template":"","format":"standard","meta":{"_acf_changed":false,"_monsterinsights_skip_tracking":false,"_monsterinsights_sitenote_active":false,"_monsterinsights_sitenote_note":"","_monsterinsights_sitenote_category":0,"footnotes":""},"categories":[574,548,545,576],"tags":[],"class_list":{"0":"post-152260","1":"post","2":"type-post","3":"status-publish","4":"format-standard","5":"has-post-thumbnail","7":"category-bike-patrol","8":"category-communaute","9":"category-prevention","10":"category-services-fr"},"acf":[],"yoast_head":"<!-- This site is optimized with the Yoast SEO plugin v27.4 - https:\/\/yoast.com\/product\/yoast-seo-wordpress\/ -->\n<title>Un 35e \u00e9t\u00e9 cons\u00e9cutif pour la patrouille \u00e0 v\u00e9lo de Jeunesse au Soleil! - Jeunesse au soleil<\/title>\n<meta name=\"robots\" content=\"index, follow, max-snippet:-1, max-image-preview:large, max-video-preview:-1\" \/>\n<link rel=\"canonical\" href=\"https:\/\/sunyouth.org\/fr\/un-35e-ete-consecutif-pour-la-patrouille-a-velo-de-jeunesse-au-soleil\/\" \/>\n<meta property=\"og:locale\" content=\"fr_FR\" \/>\n<meta property=\"og:type\" content=\"article\" \/>\n<meta property=\"og:title\" content=\"Un 35e \u00e9t\u00e9 cons\u00e9cutif pour la patrouille \u00e0 v\u00e9lo de Jeunesse au Soleil! - Jeunesse au soleil\" \/>\n<meta property=\"og:description\" content=\"Le 31 mai dernier, Jeunesse au Soleil proc\u00e9dait \u00e0 la c\u00e9r\u00e9monie d\u2019assermentation de sa patrouille \u00e0 v\u00e9lo au quartier g\u00e9n\u00e9ral du Service...\" \/>\n<meta property=\"og:url\" content=\"https:\/\/sunyouth.org\/fr\/un-35e-ete-consecutif-pour-la-patrouille-a-velo-de-jeunesse-au-soleil\/\" \/>\n<meta property=\"og:site_name\" content=\"Jeunesse au soleil\" \/>\n<meta property=\"article:published_time\" content=\"2019-06-20T15:25:34+00:00\" \/>\n<meta property=\"og:image\" content=\"https:\/\/sunyouth.org\/wp-content\/uploads\/2019\/06\/1H1A8921-1024x683.jpg\" \/>\n\t<meta property=\"og:image:width\" content=\"1024\" \/>\n\t<meta property=\"og:image:height\" content=\"683\" \/>\n\t<meta property=\"og:image:type\" content=\"image\/jpeg\" \/>\n<meta name=\"author\" content=\"annsyo\" \/>\n<meta name=\"twitter:card\" content=\"summary_large_image\" \/>\n<meta name=\"twitter:label1\" content=\"\u00c9crit par\" \/>\n\t<meta name=\"twitter:data1\" content=\"annsyo\" \/>\n\t<meta name=\"twitter:label2\" content=\"Dur\u00e9e de lecture estim\u00e9e\" \/>\n\t<meta name=\"twitter:data2\" content=\"2 minutes\" \/>\n<script type=\"application\/ld+json\" class=\"yoast-schema-graph\">{\"@context\":\"https:\\\/\\\/schema.org\",\"@graph\":[{\"@type\":\"Article\",\"@id\":\"https:\\\/\\\/sunyouth.org\\\/fr\\\/un-35e-ete-consecutif-pour-la-patrouille-a-velo-de-jeunesse-au-soleil\\\/#article\",\"isPartOf\":{\"@id\":\"https:\\\/\\\/sunyouth.org\\\/fr\\\/un-35e-ete-consecutif-pour-la-patrouille-a-velo-de-jeunesse-au-soleil\\\/\"},\"author\":{\"name\":\"annsyo\",\"@id\":\"https:\\\/\\\/sunyouth.org\\\/#\\\/schema\\\/person\\\/b0259e8a83de4804e5f08b9602c8f043\"},\"headline\":\"Un 35e \u00e9t\u00e9 cons\u00e9cutif pour la patrouille \u00e0 v\u00e9lo de Jeunesse au Soleil!\",\"datePublished\":\"2019-06-20T15:25:34+00:00\",\"mainEntityOfPage\":{\"@id\":\"https:\\\/\\\/sunyouth.org\\\/fr\\\/un-35e-ete-consecutif-pour-la-patrouille-a-velo-de-jeunesse-au-soleil\\\/\"},\"wordCount\":391,\"publisher\":{\"@id\":\"https:\\\/\\\/sunyouth.org\\\/#organization\"},\"image\":{\"@id\":\"https:\\\/\\\/sunyouth.org\\\/fr\\\/un-35e-ete-consecutif-pour-la-patrouille-a-velo-de-jeunesse-au-soleil\\\/#primaryimage\"},\"thumbnailUrl\":\"https:\\\/\\\/sunyouth.org\\\/wp-content\\\/uploads\\\/2019\\\/06\\\/1H1A8921.jpg\",\"articleSection\":[\"Bike Patrol\",\"Communaut\u00e9\",\"Pr\u00e9vention\",\"Services\"],\"inLanguage\":\"fr-FR\"},{\"@type\":\"WebPage\",\"@id\":\"https:\\\/\\\/sunyouth.org\\\/fr\\\/un-35e-ete-consecutif-pour-la-patrouille-a-velo-de-jeunesse-au-soleil\\\/\",\"url\":\"https:\\\/\\\/sunyouth.org\\\/fr\\\/un-35e-ete-consecutif-pour-la-patrouille-a-velo-de-jeunesse-au-soleil\\\/\",\"name\":\"Un 35e \u00e9t\u00e9 cons\u00e9cutif pour la patrouille \u00e0 v\u00e9lo de Jeunesse au Soleil! - Jeunesse au soleil\",\"isPartOf\":{\"@id\":\"https:\\\/\\\/sunyouth.org\\\/#website\"},\"primaryImageOfPage\":{\"@id\":\"https:\\\/\\\/sunyouth.org\\\/fr\\\/un-35e-ete-consecutif-pour-la-patrouille-a-velo-de-jeunesse-au-soleil\\\/#primaryimage\"},\"image\":{\"@id\":\"https:\\\/\\\/sunyouth.org\\\/fr\\\/un-35e-ete-consecutif-pour-la-patrouille-a-velo-de-jeunesse-au-soleil\\\/#primaryimage\"},\"thumbnailUrl\":\"https:\\\/\\\/sunyouth.org\\\/wp-content\\\/uploads\\\/2019\\\/06\\\/1H1A8921.jpg\",\"datePublished\":\"2019-06-20T15:25:34+00:00\",\"breadcrumb\":{\"@id\":\"https:\\\/\\\/sunyouth.org\\\/fr\\\/un-35e-ete-consecutif-pour-la-patrouille-a-velo-de-jeunesse-au-soleil\\\/#breadcrumb\"},\"inLanguage\":\"fr-FR\",\"potentialAction\":[{\"@type\":\"ReadAction\",\"target\":[\"https:\\\/\\\/sunyouth.org\\\/fr\\\/un-35e-ete-consecutif-pour-la-patrouille-a-velo-de-jeunesse-au-soleil\\\/\"]}]},{\"@type\":\"ImageObject\",\"inLanguage\":\"fr-FR\",\"@id\":\"https:\\\/\\\/sunyouth.org\\\/fr\\\/un-35e-ete-consecutif-pour-la-patrouille-a-velo-de-jeunesse-au-soleil\\\/#primaryimage\",\"url\":\"https:\\\/\\\/sunyouth.org\\\/wp-content\\\/uploads\\\/2019\\\/06\\\/1H1A8921.jpg\",\"contentUrl\":\"https:\\\/\\\/sunyouth.org\\\/wp-content\\\/uploads\\\/2019\\\/06\\\/1H1A8921.jpg\",\"width\":4846,\"height\":3231},{\"@type\":\"BreadcrumbList\",\"@id\":\"https:\\\/\\\/sunyouth.org\\\/fr\\\/un-35e-ete-consecutif-pour-la-patrouille-a-velo-de-jeunesse-au-soleil\\\/#breadcrumb\",\"itemListElement\":[{\"@type\":\"ListItem\",\"position\":1,\"name\":\"Home\",\"item\":\"https:\\\/\\\/sunyouth.org\\\/fr\\\/\"},{\"@type\":\"ListItem\",\"position\":2,\"name\":\"Un 35e \u00e9t\u00e9 cons\u00e9cutif pour la patrouille \u00e0 v\u00e9lo de Jeunesse au Soleil!\"}]},{\"@type\":\"WebSite\",\"@id\":\"https:\\\/\\\/sunyouth.org\\\/#website\",\"url\":\"https:\\\/\\\/sunyouth.org\\\/\",\"name\":\"Jeunesse au soleil\",\"description\":\"Dedicated since 1954!\",\"publisher\":{\"@id\":\"https:\\\/\\\/sunyouth.org\\\/#organization\"},\"potentialAction\":[{\"@type\":\"SearchAction\",\"target\":{\"@type\":\"EntryPoint\",\"urlTemplate\":\"https:\\\/\\\/sunyouth.org\\\/?s={search_term_string}\"},\"query-input\":{\"@type\":\"PropertyValueSpecification\",\"valueRequired\":true,\"valueName\":\"search_term_string\"}}],\"inLanguage\":\"fr-FR\"},{\"@type\":\"Organization\",\"@id\":\"https:\\\/\\\/sunyouth.org\\\/#organization\",\"name\":\"SUN YOUTH\",\"url\":\"https:\\\/\\\/sunyouth.org\\\/\",\"logo\":{\"@type\":\"ImageObject\",\"inLanguage\":\"fr-FR\",\"@id\":\"https:\\\/\\\/sunyouth.org\\\/#\\\/schema\\\/logo\\\/image\\\/\",\"url\":\"https:\\\/\\\/sunyouth.org\\\/wp-content\\\/uploads\\\/2018\\\/11\\\/LOGO-SUNYOUTH.png\",\"contentUrl\":\"https:\\\/\\\/sunyouth.org\\\/wp-content\\\/uploads\\\/2018\\\/11\\\/LOGO-SUNYOUTH.png\",\"width\":251,\"height\":251,\"caption\":\"SUN YOUTH\"},\"image\":{\"@id\":\"https:\\\/\\\/sunyouth.org\\\/#\\\/schema\\\/logo\\\/image\\\/\"}},{\"@type\":\"Person\",\"@id\":\"https:\\\/\\\/sunyouth.org\\\/#\\\/schema\\\/person\\\/b0259e8a83de4804e5f08b9602c8f043\",\"name\":\"annsyo\",\"image\":{\"@type\":\"ImageObject\",\"inLanguage\":\"fr-FR\",\"@id\":\"https:\\\/\\\/secure.gravatar.com\\\/avatar\\\/9dc6ddf66fff71d6342b53076fb04addad583bc7c948b68a1f8f367a3a0cfb23?s=96&d=mm&r=g\",\"url\":\"https:\\\/\\\/secure.gravatar.com\\\/avatar\\\/9dc6ddf66fff71d6342b53076fb04addad583bc7c948b68a1f8f367a3a0cfb23?s=96&d=mm&r=g\",\"contentUrl\":\"https:\\\/\\\/secure.gravatar.com\\\/avatar\\\/9dc6ddf66fff71d6342b53076fb04addad583bc7c948b68a1f8f367a3a0cfb23?s=96&d=mm&r=g\",\"caption\":\"annsyo\"}}]}<\/script>\n<!-- \/ Yoast SEO plugin. -->","yoast_head_json":{"title":"Un 35e \u00e9t\u00e9 cons\u00e9cutif pour la patrouille \u00e0 v\u00e9lo de Jeunesse au Soleil! - Jeunesse au soleil","robots":{"index":"index","follow":"follow","max-snippet":"max-snippet:-1","max-image-preview":"max-image-preview:large","max-video-preview":"max-video-preview:-1"},"canonical":"https:\/\/sunyouth.org\/fr\/un-35e-ete-consecutif-pour-la-patrouille-a-velo-de-jeunesse-au-soleil\/","og_locale":"fr_FR","og_type":"article","og_title":"Un 35e \u00e9t\u00e9 cons\u00e9cutif pour la patrouille \u00e0 v\u00e9lo de Jeunesse au Soleil! - Jeunesse au soleil","og_description":"Le 31 mai dernier, Jeunesse au Soleil proc\u00e9dait \u00e0 la c\u00e9r\u00e9monie d\u2019assermentation de sa patrouille \u00e0 v\u00e9lo au quartier g\u00e9n\u00e9ral du Service...","og_url":"https:\/\/sunyouth.org\/fr\/un-35e-ete-consecutif-pour-la-patrouille-a-velo-de-jeunesse-au-soleil\/","og_site_name":"Jeunesse au soleil","article_published_time":"2019-06-20T15:25:34+00:00","og_image":[{"width":1024,"height":683,"url":"https:\/\/sunyouth.org\/wp-content\/uploads\/2019\/06\/1H1A8921-1024x683.jpg","type":"image\/jpeg"}],"author":"annsyo","twitter_card":"summary_large_image","twitter_misc":{"\u00c9crit par":"annsyo","Dur\u00e9e de lecture estim\u00e9e":"2 minutes"},"schema":{"@context":"https:\/\/schema.org","@graph":[{"@type":"Article","@id":"https:\/\/sunyouth.org\/fr\/un-35e-ete-consecutif-pour-la-patrouille-a-velo-de-jeunesse-au-soleil\/#article","isPartOf":{"@id":"https:\/\/sunyouth.org\/fr\/un-35e-ete-consecutif-pour-la-patrouille-a-velo-de-jeunesse-au-soleil\/"},"author":{"name":"annsyo","@id":"https:\/\/sunyouth.org\/#\/schema\/person\/b0259e8a83de4804e5f08b9602c8f043"},"headline":"Un 35e \u00e9t\u00e9 cons\u00e9cutif pour la patrouille \u00e0 v\u00e9lo de Jeunesse au Soleil!","datePublished":"2019-06-20T15:25:34+00:00","mainEntityOfPage":{"@id":"https:\/\/sunyouth.org\/fr\/un-35e-ete-consecutif-pour-la-patrouille-a-velo-de-jeunesse-au-soleil\/"},"wordCount":391,"publisher":{"@id":"https:\/\/sunyouth.org\/#organization"},"image":{"@id":"https:\/\/sunyouth.org\/fr\/un-35e-ete-consecutif-pour-la-patrouille-a-velo-de-jeunesse-au-soleil\/#primaryimage"},"thumbnailUrl":"https:\/\/sunyouth.org\/wp-content\/uploads\/2019\/06\/1H1A8921.jpg","articleSection":["Bike Patrol","Communaut\u00e9","Pr\u00e9vention","Services"],"inLanguage":"fr-FR"},{"@type":"WebPage","@id":"https:\/\/sunyouth.org\/fr\/un-35e-ete-consecutif-pour-la-patrouille-a-velo-de-jeunesse-au-soleil\/","url":"https:\/\/sunyouth.org\/fr\/un-35e-ete-consecutif-pour-la-patrouille-a-velo-de-jeunesse-au-soleil\/","name":"Un 35e \u00e9t\u00e9 cons\u00e9cutif pour la patrouille \u00e0 v\u00e9lo de Jeunesse au Soleil! - Jeunesse au soleil","isPartOf":{"@id":"https:\/\/sunyouth.org\/#website"},"primaryImageOfPage":{"@id":"https:\/\/sunyouth.org\/fr\/un-35e-ete-consecutif-pour-la-patrouille-a-velo-de-jeunesse-au-soleil\/#primaryimage"},"image":{"@id":"https:\/\/sunyouth.org\/fr\/un-35e-ete-consecutif-pour-la-patrouille-a-velo-de-jeunesse-au-soleil\/#primaryimage"},"thumbnailUrl":"https:\/\/sunyouth.org\/wp-content\/uploads\/2019\/06\/1H1A8921.jpg","datePublished":"2019-06-20T15:25:34+00:00","breadcrumb":{"@id":"https:\/\/sunyouth.org\/fr\/un-35e-ete-consecutif-pour-la-patrouille-a-velo-de-jeunesse-au-soleil\/#breadcrumb"},"inLanguage":"fr-FR","potentialAction":[{"@type":"ReadAction","target":["https:\/\/sunyouth.org\/fr\/un-35e-ete-consecutif-pour-la-patrouille-a-velo-de-jeunesse-au-soleil\/"]}]},{"@type":"ImageObject","inLanguage":"fr-FR","@id":"https:\/\/sunyouth.org\/fr\/un-35e-ete-consecutif-pour-la-patrouille-a-velo-de-jeunesse-au-soleil\/#primaryimage","url":"https:\/\/sunyouth.org\/wp-content\/uploads\/2019\/06\/1H1A8921.jpg","contentUrl":"https:\/\/sunyouth.org\/wp-content\/uploads\/2019\/06\/1H1A8921.jpg","width":4846,"height":3231},{"@type":"BreadcrumbList","@id":"https:\/\/sunyouth.org\/fr\/un-35e-ete-consecutif-pour-la-patrouille-a-velo-de-jeunesse-au-soleil\/#breadcrumb","itemListElement":[{"@type":"ListItem","position":1,"name":"Home","item":"https:\/\/sunyouth.org\/fr\/"},{"@type":"ListItem","position":2,"name":"Un 35e \u00e9t\u00e9 cons\u00e9cutif pour la patrouille \u00e0 v\u00e9lo de Jeunesse au Soleil!"}]},{"@type":"WebSite","@id":"https:\/\/sunyouth.org\/#website","url":"https:\/\/sunyouth.org\/","name":"Jeunesse au soleil","description":"Dedicated since 1954!","publisher":{"@id":"https:\/\/sunyouth.org\/#organization"},"potentialAction":[{"@type":"SearchAction","target":{"@type":"EntryPoint","urlTemplate":"https:\/\/sunyouth.org\/?s={search_term_string}"},"query-input":{"@type":"PropertyValueSpecification","valueRequired":true,"valueName":"search_term_string"}}],"inLanguage":"fr-FR"},{"@type":"Organization","@id":"https:\/\/sunyouth.org\/#organization","name":"SUN YOUTH","url":"https:\/\/sunyouth.org\/","logo":{"@type":"ImageObject","inLanguage":"fr-FR","@id":"https:\/\/sunyouth.org\/#\/schema\/logo\/image\/","url":"https:\/\/sunyouth.org\/wp-content\/uploads\/2018\/11\/LOGO-SUNYOUTH.png","contentUrl":"https:\/\/sunyouth.org\/wp-content\/uploads\/2018\/11\/LOGO-SUNYOUTH.png","width":251,"height":251,"caption":"SUN YOUTH"},"image":{"@id":"https:\/\/sunyouth.org\/#\/schema\/logo\/image\/"}},{"@type":"Person","@id":"https:\/\/sunyouth.org\/#\/schema\/person\/b0259e8a83de4804e5f08b9602c8f043","name":"annsyo","image":{"@type":"ImageObject","inLanguage":"fr-FR","@id":"https:\/\/secure.gravatar.com\/avatar\/9dc6ddf66fff71d6342b53076fb04addad583bc7c948b68a1f8f367a3a0cfb23?s=96&d=mm&r=g","url":"https:\/\/secure.gravatar.com\/avatar\/9dc6ddf66fff71d6342b53076fb04addad583bc7c948b68a1f8f367a3a0cfb23?s=96&d=mm&r=g","contentUrl":"https:\/\/secure.gravatar.com\/avatar\/9dc6ddf66fff71d6342b53076fb04addad583bc7c948b68a1f8f367a3a0cfb23?s=96&d=mm&r=g","caption":"annsyo"}}]}},"menu_order":47,"_links":{"self":[{"href":"https:\/\/sunyouth.org\/fr\/wp-json\/wp\/v2\/posts\/152260","targetHints":{"allow":["GET"]}}],"collection":[{"href":"https:\/\/sunyouth.org\/fr\/wp-json\/wp\/v2\/posts"}],"about":[{"href":"https:\/\/sunyouth.org\/fr\/wp-json\/wp\/v2\/types\/post"}],"author":[{"embeddable":true,"href":"https:\/\/sunyouth.org\/fr\/wp-json\/wp\/v2\/users\/12"}],"replies":[{"embeddable":true,"href":"https:\/\/sunyouth.org\/fr\/wp-json\/wp\/v2\/comments?post=152260"}],"version-history":[{"count":0,"href":"https:\/\/sunyouth.org\/fr\/wp-json\/wp\/v2\/posts\/152260\/revisions"}],"wp:featuredmedia":[{"embeddable":true,"href":"https:\/\/sunyouth.org\/fr\/wp-json\/wp\/v2\/media\/153520"}],"wp:attachment":[{"href":"https:\/\/sunyouth.org\/fr\/wp-json\/wp\/v2\/media?parent=152260"}],"wp:term":[{"taxonomy":"category","embeddable":true,"href":"https:\/\/sunyouth.org\/fr\/wp-json\/wp\/v2\/categories?post=152260"},{"taxonomy":"post_tag","embeddable":true,"href":"https:\/\/sunyouth.org\/fr\/wp-json\/wp\/v2\/tags?post=152260"}],"curies":[{"name":"wp","href":"https:\/\/api.w.org\/{rel}","templated":true}]}}