{"id":152196,"date":"2018-09-28T13:23:24","date_gmt":"2018-09-28T13:23:24","guid":{"rendered":"https:\/\/sunyouth.org\/le-groupe-clv-aide-jeunesse-au-soleil\/"},"modified":"2018-09-28T13:23:24","modified_gmt":"2018-09-28T13:23:24","slug":"le-groupe-clv-aide-jeunesse-au-soleil","status":"publish","type":"post","link":"https:\/\/sunyouth.org\/fr\/le-groupe-clv-aide-jeunesse-au-soleil\/","title":{"rendered":"Le groupe CLV aide Jeunesse au Soleil"},"content":{"rendered":"<p>Le 18 septembre, des repr\u00e9sentants du Groupe CLV InterRent REIT ont remis un don de 25 000$ \u00e0 Jeunesse au Soleil.<\/p>\n<p style=\"text-align: justify;\">Depuis sa fondation, Jeunesse au Soleil fait la promotion de saines habitudes de vie et de la pers\u00e9v\u00e9rance scolaire aupr\u00e8s des jeunes. Afin de contribuer \u00e0 leur d\u00e9veloppement physique, social et intellectuel, Jeunesse au Soleil offre un camp de jour \u00e0 la fois amusant et \u00e9ducatif pour les enfants \u00e2g\u00e9s de 5 \u00e0 12 ans. Quant aux jeunes de 6 \u00e0 17 ans, ils ont l\u2019occasion de canaliser leur \u00e9nergie de mani\u00e8re positive \u00e0 travers le sport tout en poursuivant leur \u00e9ducation.<\/p>\n<p style=\"text-align: justify;\">C\u2019est plus de 800 jeunes qui b\u00e9n\u00e9ficient annuellement des nombreux programmes sportifs ainsi que du camp de jour de Jeunesse au Soleil. Le d\u00e9veloppement physique appropri\u00e9 aux enfants n\u00e9cessite \u00e9galement une alimentation saine et Jeunesse au Soleil est pr\u00e9sente pour soutenir ses jeunes \u00e0 cet \u00e9gard. Les statistiques de l&rsquo;organisation montrent que <strong>39% des utilisateurs de la banque alimentaire sont des enfants de moins de 18 ans. De ce nombre, 80% sont \u00e2g\u00e9s de 10 ans et moins<\/strong>. Heureusement, le <a href=\"https:\/\/www.clvgroup.com\/\" target=\"_blank\" rel=\"noopener noreferrer\"><strong>Groupe CLV<\/strong> et <strong>InterRent REIT<\/strong><\/a> sont l\u00e0 pour soutenir ces deux initiatives dont nombreux enfants d\u00e9favoris\u00e9s b\u00e9n\u00e9ficient.<\/p>\n<p style=\"text-align: justify;\">Le 18 septembre dernier<strong>,<\/strong> Jeunesse au Soleil a eu le plaisir d&rsquo;accueillir les repr\u00e9sentants du Groupe CLV et InterRent REIT qui sont venus pr\u00e9senter leur deuxi\u00e8me contribution. En effet, en juin 2017 l\u2019organisme avait re\u00e7ue un don de 15\u00a0000\u00a0$ pour son programme de Sports et Loisirs, son camp de jour ainsi que sa campagne d\u2019\u00e9t\u00e9. <strong>Cette ann\u00e9e, le Groupe CLV et InterRent REIT a r\u00e9it\u00e9r\u00e9 son soutien en faisant un don substantiel de 25 000 $ au programme Sports et Loisirs (15 000 $) ainsi qu\u2019\u00e0 la banque alimentaire de Jeunesse au Soleil (10 000$)<\/strong>.<\/p>\n<p style=\"text-align: justify;\"><strong><em>\u00ab\u00a0Au sein du Groupe CLV, nous avons \u00e9t\u00e9 t\u00e9moins pendant de nombreuses ann\u00e9es du grand travail de Jeunesse au Soleil et de son impact positif dans la vie de nombreux jeunes de Montr\u00e9al. Cette organisation embl\u00e9matique a grandement contribu\u00e9 \u00e0 la communaut\u00e9. Nous sommes reconnaissants de pouvoir aider une organisation dont la r\u00e9putation est bien m\u00e9rit\u00e9e\u00a0\u00bb &#8211; Mike McGahan, Pr\u00e9sident du Groupe CLV.<\/em><\/strong><\/p>\n<p style=\"text-align: justify;\">Jeunesse au Soleil est fi\u00e8re de pouvoir \u00e0 nouveau s\u2019associer au Groupe CLV et ainsi aider les enfants issus de milieux d\u00e9favoris\u00e9s \u00e0 participer dans un environnement \u00e9ducatif et s\u00e9curitaire \u00e0 ses programmes sportifs tout en recevant une alimentation ad\u00e9quate par l\u2019interm\u00e9diaire de sa banque alimentaire.<\/p>\n<p style=\"text-align: justify;\"><strong><em>\u00c0 propos du Groupe CLV:<\/em><\/strong> Le Groupe CLV et InterRent REIT ont red\u00e9fini ce que peuvent \u00eatre une soci\u00e9t\u00e9 immobili\u00e8re et multifamiliale. Avec 50 ans d\u2019exp\u00e9rience dans l\u2019industrie, nous sommes devenus des leaders du march\u00e9 de l\u2019immobilier, de la gestion, des acquisitions et des nouveaux d\u00e9veloppements dans nos principaux march\u00e9s, dont la r\u00e9gion m\u00e9tropolitaine de Toronto, Ottawa et Montr\u00e9al. Nous sommes fiers de pr\u00e9senter diverses propri\u00e9t\u00e9s o\u00f9 les r\u00e9sidents peuvent profiter d&rsquo;une piscine int\u00e9rieure, d&rsquo;une terrasse sur le toit et d&rsquo;une buanderie sur place. Ces propri\u00e9t\u00e9s sont situ\u00e9es au c\u0153ur du Plateau Mont-Royal, de Villeray, du Centre-Ville et de C\u00f4te-Saint-Luc. Nous sommes fiers de redonner \u00e0 nos communaut\u00e9s et de nous impliquer dans des \u0153uvres de bienfaisance qui ont un impact. (Source: Groupe CLV)<\/p>\n<p><img style=\"display: block; margin-left: auto; margin-right: auto;\" src=\"https:\/\/sunyouth.org\/wp-content\/uploads\/2018\/10\/CLV_Donation_2018.jpg\" alt=\"CLV Donation 2018.jpg\" width=\"681\" height=\"454\" \/><\/p>\n<p style=\"text-align: center;\"><em>La directrice ex\u00e9cutive par interim de Jeunesse au Soleil, <strong>Johanne Saltarelli<\/strong> (au centre), <\/em><em>a eu le plaisir d\u2019accueillir le pr\u00e9sident et les repr\u00e9sentants du Groupe CLV et InterRent REIT (de gauche \u00e0 droite) <\/em><em><strong>Mike McGahan<\/strong>,<strong> Youssef El Hachimi<\/strong>, <strong>Nadia Ickx, Marie Pelletier-Matte, Karolina Craig, Evguenia Kapchii, Andre Luna Beaudoin<\/strong>. <\/em><em>Photo: Nicolas Carpentier.<\/em><\/p>\n","protected":false},"excerpt":{"rendered":"<p>Le 18 septembre, des repr\u00e9sentants du Groupe CLV InterRent REIT ont remis un don de 25 000$ \u00e0 Jeunesse au Soleil. Depuis&#8230;<\/p>\n","protected":false},"author":12,"featured_media":153040,"comment_status":"open","ping_status":"open","sticky":false,"template":"","format":"standard","meta":{"_acf_changed":false,"_monsterinsights_skip_tracking":false,"_monsterinsights_sitenote_active":false,"_monsterinsights_sitenote_note":"","_monsterinsights_sitenote_category":0,"footnotes":""},"categories":[554,553,558,572],"tags":[],"class_list":{"0":"post-152196","1":"post","2":"type-post","3":"status-publish","4":"format-standard","5":"has-post-thumbnail","7":"category-alimentation","8":"category-collectes-de-fonds","9":"category-partenaires","10":"category-sports-fr"},"acf":[],"yoast_head":"<!-- This site is optimized with the Yoast SEO plugin v27.4 - https:\/\/yoast.com\/product\/yoast-seo-wordpress\/ -->\n<title>Le groupe CLV aide Jeunesse au Soleil - Jeunesse au soleil<\/title>\n<meta name=\"robots\" content=\"index, follow, max-snippet:-1, max-image-preview:large, max-video-preview:-1\" \/>\n<link rel=\"canonical\" href=\"https:\/\/sunyouth.org\/fr\/le-groupe-clv-aide-jeunesse-au-soleil\/\" \/>\n<meta property=\"og:locale\" content=\"fr_FR\" \/>\n<meta property=\"og:type\" content=\"article\" \/>\n<meta property=\"og:title\" content=\"Le groupe CLV aide Jeunesse au Soleil - Jeunesse au soleil\" \/>\n<meta property=\"og:description\" content=\"Le 18 septembre, des repr\u00e9sentants du Groupe CLV InterRent REIT ont remis un don de 25 000$ \u00e0 Jeunesse au Soleil. Depuis...\" \/>\n<meta property=\"og:url\" content=\"https:\/\/sunyouth.org\/fr\/le-groupe-clv-aide-jeunesse-au-soleil\/\" \/>\n<meta property=\"og:site_name\" content=\"Jeunesse au soleil\" \/>\n<meta property=\"article:published_time\" content=\"2018-09-28T13:23:24+00:00\" \/>\n<meta property=\"og:image\" content=\"https:\/\/sunyouth.org\/wp-content\/uploads\/2018\/10\/CLV_Donation_2018.jpg\" \/>\n\t<meta property=\"og:image:width\" content=\"5472\" \/>\n\t<meta property=\"og:image:height\" content=\"3648\" \/>\n\t<meta property=\"og:image:type\" content=\"image\/jpeg\" \/>\n<meta name=\"author\" content=\"annsyo\" \/>\n<meta name=\"twitter:card\" content=\"summary_large_image\" \/>\n<meta name=\"twitter:label1\" content=\"\u00c9crit par\" \/>\n\t<meta name=\"twitter:data1\" content=\"annsyo\" \/>\n\t<meta name=\"twitter:label2\" content=\"Dur\u00e9e de lecture estim\u00e9e\" \/>\n\t<meta name=\"twitter:data2\" content=\"3 minutes\" \/>\n<script type=\"application\/ld+json\" class=\"yoast-schema-graph\">{\"@context\":\"https:\\\/\\\/schema.org\",\"@graph\":[{\"@type\":\"Article\",\"@id\":\"https:\\\/\\\/sunyouth.org\\\/fr\\\/le-groupe-clv-aide-jeunesse-au-soleil\\\/#article\",\"isPartOf\":{\"@id\":\"https:\\\/\\\/sunyouth.org\\\/fr\\\/le-groupe-clv-aide-jeunesse-au-soleil\\\/\"},\"author\":{\"name\":\"annsyo\",\"@id\":\"https:\\\/\\\/sunyouth.org\\\/#\\\/schema\\\/person\\\/b0259e8a83de4804e5f08b9602c8f043\"},\"headline\":\"Le groupe CLV aide Jeunesse au Soleil\",\"datePublished\":\"2018-09-28T13:23:24+00:00\",\"mainEntityOfPage\":{\"@id\":\"https:\\\/\\\/sunyouth.org\\\/fr\\\/le-groupe-clv-aide-jeunesse-au-soleil\\\/\"},\"wordCount\":620,\"commentCount\":0,\"publisher\":{\"@id\":\"https:\\\/\\\/sunyouth.org\\\/#organization\"},\"image\":{\"@id\":\"https:\\\/\\\/sunyouth.org\\\/fr\\\/le-groupe-clv-aide-jeunesse-au-soleil\\\/#primaryimage\"},\"thumbnailUrl\":\"https:\\\/\\\/sunyouth.org\\\/wp-content\\\/uploads\\\/2018\\\/10\\\/CLV_Donation_2018.jpg\",\"articleSection\":[\"Alimentation\",\"Collectes de fonds\",\"Partenaires\",\"Sports\"],\"inLanguage\":\"fr-FR\"},{\"@type\":\"WebPage\",\"@id\":\"https:\\\/\\\/sunyouth.org\\\/fr\\\/le-groupe-clv-aide-jeunesse-au-soleil\\\/\",\"url\":\"https:\\\/\\\/sunyouth.org\\\/fr\\\/le-groupe-clv-aide-jeunesse-au-soleil\\\/\",\"name\":\"Le groupe CLV aide Jeunesse au Soleil - Jeunesse au soleil\",\"isPartOf\":{\"@id\":\"https:\\\/\\\/sunyouth.org\\\/#website\"},\"primaryImageOfPage\":{\"@id\":\"https:\\\/\\\/sunyouth.org\\\/fr\\\/le-groupe-clv-aide-jeunesse-au-soleil\\\/#primaryimage\"},\"image\":{\"@id\":\"https:\\\/\\\/sunyouth.org\\\/fr\\\/le-groupe-clv-aide-jeunesse-au-soleil\\\/#primaryimage\"},\"thumbnailUrl\":\"https:\\\/\\\/sunyouth.org\\\/wp-content\\\/uploads\\\/2018\\\/10\\\/CLV_Donation_2018.jpg\",\"datePublished\":\"2018-09-28T13:23:24+00:00\",\"breadcrumb\":{\"@id\":\"https:\\\/\\\/sunyouth.org\\\/fr\\\/le-groupe-clv-aide-jeunesse-au-soleil\\\/#breadcrumb\"},\"inLanguage\":\"fr-FR\",\"potentialAction\":[{\"@type\":\"ReadAction\",\"target\":[\"https:\\\/\\\/sunyouth.org\\\/fr\\\/le-groupe-clv-aide-jeunesse-au-soleil\\\/\"]}]},{\"@type\":\"ImageObject\",\"inLanguage\":\"fr-FR\",\"@id\":\"https:\\\/\\\/sunyouth.org\\\/fr\\\/le-groupe-clv-aide-jeunesse-au-soleil\\\/#primaryimage\",\"url\":\"https:\\\/\\\/sunyouth.org\\\/wp-content\\\/uploads\\\/2018\\\/10\\\/CLV_Donation_2018.jpg\",\"contentUrl\":\"https:\\\/\\\/sunyouth.org\\\/wp-content\\\/uploads\\\/2018\\\/10\\\/CLV_Donation_2018.jpg\",\"width\":5472,\"height\":3648},{\"@type\":\"BreadcrumbList\",\"@id\":\"https:\\\/\\\/sunyouth.org\\\/fr\\\/le-groupe-clv-aide-jeunesse-au-soleil\\\/#breadcrumb\",\"itemListElement\":[{\"@type\":\"ListItem\",\"position\":1,\"name\":\"Home\",\"item\":\"https:\\\/\\\/sunyouth.org\\\/fr\\\/\"},{\"@type\":\"ListItem\",\"position\":2,\"name\":\"Le groupe CLV aide Jeunesse au Soleil\"}]},{\"@type\":\"WebSite\",\"@id\":\"https:\\\/\\\/sunyouth.org\\\/#website\",\"url\":\"https:\\\/\\\/sunyouth.org\\\/\",\"name\":\"Jeunesse au soleil\",\"description\":\"Dedicated since 1954!\",\"publisher\":{\"@id\":\"https:\\\/\\\/sunyouth.org\\\/#organization\"},\"potentialAction\":[{\"@type\":\"SearchAction\",\"target\":{\"@type\":\"EntryPoint\",\"urlTemplate\":\"https:\\\/\\\/sunyouth.org\\\/?s={search_term_string}\"},\"query-input\":{\"@type\":\"PropertyValueSpecification\",\"valueRequired\":true,\"valueName\":\"search_term_string\"}}],\"inLanguage\":\"fr-FR\"},{\"@type\":\"Organization\",\"@id\":\"https:\\\/\\\/sunyouth.org\\\/#organization\",\"name\":\"SUN YOUTH\",\"url\":\"https:\\\/\\\/sunyouth.org\\\/\",\"logo\":{\"@type\":\"ImageObject\",\"inLanguage\":\"fr-FR\",\"@id\":\"https:\\\/\\\/sunyouth.org\\\/#\\\/schema\\\/logo\\\/image\\\/\",\"url\":\"https:\\\/\\\/sunyouth.org\\\/wp-content\\\/uploads\\\/2018\\\/11\\\/LOGO-SUNYOUTH.png\",\"contentUrl\":\"https:\\\/\\\/sunyouth.org\\\/wp-content\\\/uploads\\\/2018\\\/11\\\/LOGO-SUNYOUTH.png\",\"width\":251,\"height\":251,\"caption\":\"SUN YOUTH\"},\"image\":{\"@id\":\"https:\\\/\\\/sunyouth.org\\\/#\\\/schema\\\/logo\\\/image\\\/\"}},{\"@type\":\"Person\",\"@id\":\"https:\\\/\\\/sunyouth.org\\\/#\\\/schema\\\/person\\\/b0259e8a83de4804e5f08b9602c8f043\",\"name\":\"annsyo\",\"image\":{\"@type\":\"ImageObject\",\"inLanguage\":\"fr-FR\",\"@id\":\"https:\\\/\\\/secure.gravatar.com\\\/avatar\\\/9dc6ddf66fff71d6342b53076fb04addad583bc7c948b68a1f8f367a3a0cfb23?s=96&d=mm&r=g\",\"url\":\"https:\\\/\\\/secure.gravatar.com\\\/avatar\\\/9dc6ddf66fff71d6342b53076fb04addad583bc7c948b68a1f8f367a3a0cfb23?s=96&d=mm&r=g\",\"contentUrl\":\"https:\\\/\\\/secure.gravatar.com\\\/avatar\\\/9dc6ddf66fff71d6342b53076fb04addad583bc7c948b68a1f8f367a3a0cfb23?s=96&d=mm&r=g\",\"caption\":\"annsyo\"}}]}<\/script>\n<!-- \/ Yoast SEO plugin. -->","yoast_head_json":{"title":"Le groupe CLV aide Jeunesse au Soleil - Jeunesse au soleil","robots":{"index":"index","follow":"follow","max-snippet":"max-snippet:-1","max-image-preview":"max-image-preview:large","max-video-preview":"max-video-preview:-1"},"canonical":"https:\/\/sunyouth.org\/fr\/le-groupe-clv-aide-jeunesse-au-soleil\/","og_locale":"fr_FR","og_type":"article","og_title":"Le groupe CLV aide Jeunesse au Soleil - Jeunesse au soleil","og_description":"Le 18 septembre, des repr\u00e9sentants du Groupe CLV InterRent REIT ont remis un don de 25 000$ \u00e0 Jeunesse au Soleil. Depuis...","og_url":"https:\/\/sunyouth.org\/fr\/le-groupe-clv-aide-jeunesse-au-soleil\/","og_site_name":"Jeunesse au soleil","article_published_time":"2018-09-28T13:23:24+00:00","og_image":[{"width":5472,"height":3648,"url":"https:\/\/sunyouth.org\/wp-content\/uploads\/2018\/10\/CLV_Donation_2018.jpg","type":"image\/jpeg"}],"author":"annsyo","twitter_card":"summary_large_image","twitter_misc":{"\u00c9crit par":"annsyo","Dur\u00e9e de lecture estim\u00e9e":"3 minutes"},"schema":{"@context":"https:\/\/schema.org","@graph":[{"@type":"Article","@id":"https:\/\/sunyouth.org\/fr\/le-groupe-clv-aide-jeunesse-au-soleil\/#article","isPartOf":{"@id":"https:\/\/sunyouth.org\/fr\/le-groupe-clv-aide-jeunesse-au-soleil\/"},"author":{"name":"annsyo","@id":"https:\/\/sunyouth.org\/#\/schema\/person\/b0259e8a83de4804e5f08b9602c8f043"},"headline":"Le groupe CLV aide Jeunesse au Soleil","datePublished":"2018-09-28T13:23:24+00:00","mainEntityOfPage":{"@id":"https:\/\/sunyouth.org\/fr\/le-groupe-clv-aide-jeunesse-au-soleil\/"},"wordCount":620,"commentCount":0,"publisher":{"@id":"https:\/\/sunyouth.org\/#organization"},"image":{"@id":"https:\/\/sunyouth.org\/fr\/le-groupe-clv-aide-jeunesse-au-soleil\/#primaryimage"},"thumbnailUrl":"https:\/\/sunyouth.org\/wp-content\/uploads\/2018\/10\/CLV_Donation_2018.jpg","articleSection":["Alimentation","Collectes de fonds","Partenaires","Sports"],"inLanguage":"fr-FR"},{"@type":"WebPage","@id":"https:\/\/sunyouth.org\/fr\/le-groupe-clv-aide-jeunesse-au-soleil\/","url":"https:\/\/sunyouth.org\/fr\/le-groupe-clv-aide-jeunesse-au-soleil\/","name":"Le groupe CLV aide Jeunesse au Soleil - Jeunesse au soleil","isPartOf":{"@id":"https:\/\/sunyouth.org\/#website"},"primaryImageOfPage":{"@id":"https:\/\/sunyouth.org\/fr\/le-groupe-clv-aide-jeunesse-au-soleil\/#primaryimage"},"image":{"@id":"https:\/\/sunyouth.org\/fr\/le-groupe-clv-aide-jeunesse-au-soleil\/#primaryimage"},"thumbnailUrl":"https:\/\/sunyouth.org\/wp-content\/uploads\/2018\/10\/CLV_Donation_2018.jpg","datePublished":"2018-09-28T13:23:24+00:00","breadcrumb":{"@id":"https:\/\/sunyouth.org\/fr\/le-groupe-clv-aide-jeunesse-au-soleil\/#breadcrumb"},"inLanguage":"fr-FR","potentialAction":[{"@type":"ReadAction","target":["https:\/\/sunyouth.org\/fr\/le-groupe-clv-aide-jeunesse-au-soleil\/"]}]},{"@type":"ImageObject","inLanguage":"fr-FR","@id":"https:\/\/sunyouth.org\/fr\/le-groupe-clv-aide-jeunesse-au-soleil\/#primaryimage","url":"https:\/\/sunyouth.org\/wp-content\/uploads\/2018\/10\/CLV_Donation_2018.jpg","contentUrl":"https:\/\/sunyouth.org\/wp-content\/uploads\/2018\/10\/CLV_Donation_2018.jpg","width":5472,"height":3648},{"@type":"BreadcrumbList","@id":"https:\/\/sunyouth.org\/fr\/le-groupe-clv-aide-jeunesse-au-soleil\/#breadcrumb","itemListElement":[{"@type":"ListItem","position":1,"name":"Home","item":"https:\/\/sunyouth.org\/fr\/"},{"@type":"ListItem","position":2,"name":"Le groupe CLV aide Jeunesse au Soleil"}]},{"@type":"WebSite","@id":"https:\/\/sunyouth.org\/#website","url":"https:\/\/sunyouth.org\/","name":"Jeunesse au soleil","description":"Dedicated since 1954!","publisher":{"@id":"https:\/\/sunyouth.org\/#organization"},"potentialAction":[{"@type":"SearchAction","target":{"@type":"EntryPoint","urlTemplate":"https:\/\/sunyouth.org\/?s={search_term_string}"},"query-input":{"@type":"PropertyValueSpecification","valueRequired":true,"valueName":"search_term_string"}}],"inLanguage":"fr-FR"},{"@type":"Organization","@id":"https:\/\/sunyouth.org\/#organization","name":"SUN YOUTH","url":"https:\/\/sunyouth.org\/","logo":{"@type":"ImageObject","inLanguage":"fr-FR","@id":"https:\/\/sunyouth.org\/#\/schema\/logo\/image\/","url":"https:\/\/sunyouth.org\/wp-content\/uploads\/2018\/11\/LOGO-SUNYOUTH.png","contentUrl":"https:\/\/sunyouth.org\/wp-content\/uploads\/2018\/11\/LOGO-SUNYOUTH.png","width":251,"height":251,"caption":"SUN YOUTH"},"image":{"@id":"https:\/\/sunyouth.org\/#\/schema\/logo\/image\/"}},{"@type":"Person","@id":"https:\/\/sunyouth.org\/#\/schema\/person\/b0259e8a83de4804e5f08b9602c8f043","name":"annsyo","image":{"@type":"ImageObject","inLanguage":"fr-FR","@id":"https:\/\/secure.gravatar.com\/avatar\/9dc6ddf66fff71d6342b53076fb04addad583bc7c948b68a1f8f367a3a0cfb23?s=96&d=mm&r=g","url":"https:\/\/secure.gravatar.com\/avatar\/9dc6ddf66fff71d6342b53076fb04addad583bc7c948b68a1f8f367a3a0cfb23?s=96&d=mm&r=g","contentUrl":"https:\/\/secure.gravatar.com\/avatar\/9dc6ddf66fff71d6342b53076fb04addad583bc7c948b68a1f8f367a3a0cfb23?s=96&d=mm&r=g","caption":"annsyo"}}]}},"menu_order":79,"_links":{"self":[{"href":"https:\/\/sunyouth.org\/fr\/wp-json\/wp\/v2\/posts\/152196","targetHints":{"allow":["GET"]}}],"collection":[{"href":"https:\/\/sunyouth.org\/fr\/wp-json\/wp\/v2\/posts"}],"about":[{"href":"https:\/\/sunyouth.org\/fr\/wp-json\/wp\/v2\/types\/post"}],"author":[{"embeddable":true,"href":"https:\/\/sunyouth.org\/fr\/wp-json\/wp\/v2\/users\/12"}],"replies":[{"embeddable":true,"href":"https:\/\/sunyouth.org\/fr\/wp-json\/wp\/v2\/comments?post=152196"}],"version-history":[{"count":0,"href":"https:\/\/sunyouth.org\/fr\/wp-json\/wp\/v2\/posts\/152196\/revisions"}],"wp:featuredmedia":[{"embeddable":true,"href":"https:\/\/sunyouth.org\/fr\/wp-json\/wp\/v2\/media\/153040"}],"wp:attachment":[{"href":"https:\/\/sunyouth.org\/fr\/wp-json\/wp\/v2\/media?parent=152196"}],"wp:term":[{"taxonomy":"category","embeddable":true,"href":"https:\/\/sunyouth.org\/fr\/wp-json\/wp\/v2\/categories?post=152196"},{"taxonomy":"post_tag","embeddable":true,"href":"https:\/\/sunyouth.org\/fr\/wp-json\/wp\/v2\/tags?post=152196"}],"curies":[{"name":"wp","href":"https:\/\/api.w.org\/{rel}","templated":true}]}}