{"id":152138,"date":"2018-03-13T12:51:19","date_gmt":"2018-03-13T12:51:19","guid":{"rendered":"https:\/\/sunyouth.org\/revue-de-presse\/"},"modified":"2018-03-13T12:51:19","modified_gmt":"2018-03-13T12:51:19","slug":"revue-de-presse","status":"publish","type":"post","link":"https:\/\/sunyouth.org\/fr\/revue-de-presse\/","title":{"rendered":"Revue de presse"},"content":{"rendered":"<h4><strong>Mars 2018<\/strong><\/h4>\n<p><a href=\"http:\/\/www.tvanouvelles.ca\/2018\/03\/19\/jeunesse-au-soleil-recherche-des-jeunes-heros\">Jeunesse au Soleil recherche des jeunes h\u00e9ros (Entrevue Eric Kingsley \u00e0 Le 9 heures, LCN)<\/a><\/p>\n<h4><strong>F\u00e9vrier 2018<\/strong><\/h4>\n<p><a href=\"http:\/\/www.tvanouvelles.ca\/2018\/02\/09\/disparition-de-melissa-blais-de-nouvelles-informations-transmises-a-la-sq\">Disparition de M\u00e9lissa Blais: de nouvelles informations transmises \u00e0 la SQ (TVA Nouvelles)<\/a><\/p>\n<p><a href=\"http:\/\/www.tvanouvelles.ca\/2018\/02\/08\/quest-il-arrive-a-melissa-blais\">Qu&rsquo;est-il arriv\u00e9 \u00e0 M\u00e9lissa Blais? (Reportage J.E, TVA)<\/a><\/p>\n<p><a href=\"https:\/\/www.lenouvelliste.ca\/actualites\/disparition-de-melissa-blais-recompense-offerte-a59d0d8ee05b5c1d4d867528500b1f1b\">Disparition de M\u00e9lissa Blais: r\u00e9compense offerte (Le Nouvelliste)<\/a><\/p>\n<h4><strong>Janvier 2018<\/strong><\/h4>\n<p><a href=\"http:\/\/www.journaldemontreal.com\/2018\/01\/21\/des-factures-delectricite-plus-salees-pour-les-quebecois-1\">Des factures d\u2019\u00e9lectricit\u00e9 plus sal\u00e9es pour les Qu\u00e9b\u00e9cois (Journal de Montr\u00e9al)<\/a><\/p>\n<p><a href=\"http:\/\/www.tvanouvelles.ca\/2018\/01\/21\/des-factures-delectricite-plus-salees-pour-les-quebecois\">De l\u2019aide pour les familles d\u00e9munies (Entrevue Ann St Arnaud \u00e0 LCN)<\/a><\/p>\n<p><a href=\"http:\/\/www.tvanouvelles.ca\/emissions\/le-quebec-matin\/video\/5713450899001\">Le froid fait gonfler la facture d\u2019\u00e9lectricit\u00e9: explications (Reportage, le Qu\u00e9bec matin)<\/a><\/p>\n<p><a href=\"http:\/\/journalmetro.com\/local\/le-plateau-mont-royal\/actualites\/1340829\/reprise-edifices-par-la-csdm-les-locataires-en-mode-solution\/\">Reprise d\u2019\u00e9difices par la CSDM: les locataires en mode solution (Le M\u00e9tro)<\/a><\/p>\n<h4><strong>D\u00e9cembre 2017<\/strong><\/h4>\n<p><a href=\"http:\/\/ici.radio-canada.ca\/tele\/rdi-matin-week-end\/site\/segments\/reportage\/52845\/jeunesse-au-soleil-paniers-noel-depannage\">Jeunesse au soleil c&rsquo;est beaucoup plus que des paniers de No\u00ebl (Entrevue Ann St Arnaud \u00e0 RDI Matin Weekend)<\/a><\/p>\n<p><a href=\"http:\/\/journalmetro.com\/actualites\/montreal\/1304579\/la-csdm-lance-la-vente-de-12-batiments-abritant-cpe-et-organismes\/\">La CSDM lance la vente de 12 b\u00e2timents abritant CPE et organismes (Le M\u00e9tro)<\/a><\/p>\n<p><a href=\"http:\/\/www.journaldemontreal.com\/2017\/12\/22\/lorganisme-jeunesse-au-soleil-devra-demenager\">L\u2019organisme Jeunesse au Soleil devra d\u00e9m\u00e9nager (Journal de Montr\u00e9al)<\/a><\/p>\n<p><a href=\"http:\/\/www.journaldemontreal.com\/2017\/12\/21\/vol-qualifie-jusqua-5000--de-recompense-pour-retrouver-eric-demers\">Vol qualifi\u00e9: jusqu&rsquo;\u00e0 5000 $ de r\u00e9compense pour retrouver \u00c9ric Demers (Journal de Montr\u00e9al)<\/a><\/p>\n<p><a href=\"http:\/\/www.lapresse.ca\/actualites\/justice-et-faits-divers\/faits-divers\/201712\/21\/01-5148030-un-homme-recherche-pour-un-vol-qualifie-a-lhopital-maisonneuve-rosemont.php\">Un homme recherch\u00e9 pour un vol qualifi\u00e9\u00a0\u00e0 l&rsquo;h\u00f4pital Maisonneuve-Rosemont (La Presse)<\/a><\/p>\n<p><a href=\"http:\/\/www.lapresse.ca\/noel\/traditions\/201712\/19\/01-5147722-noel-cest-eux.php\">No\u00ebl, c&rsquo;est eux (La Presse)<\/a><\/p>\n<p><a href=\"http:\/\/www.ledevoir.com\/societe\/education\/515296\/jeunesse-au-soleil-se-retrouve-a-la-rue\">Jeunesse au Soleil devra se chercher un nouveau toit (Le Devoir)<\/a><\/p>\n<p><a href=\"http:\/\/ici.radio-canada.ca\/nouvelle\/1072983\/jeunesse-au-soleil-cherche-nouveaux-locaux-csdm-demenagement-fin-bail\">Jeunesse au soleil se cherche un nouveau\u00a0toit (Radio-Canada)<\/a><\/p>\n<p><a href=\"http:\/\/www.journaldemontreal.com\/2017\/12\/16\/jeunesse-au-soleil-distribue-ses-paniers-de-noel\">Jeunesse au Soleil distribue ses paniers de No\u00ebl (Journal de Montr\u00e9al)<\/a><\/p>\n<p><a href=\"http:\/\/www.lapresse.ca\/actualites\/national\/201712\/07\/01-5146253-grande-guignolee-des-medias-250-000-recueillis-a-montreal.php\">Grande guignol\u00e9e des m\u00e9dias: 250 000 $ recueillis \u00e0 Montr\u00e9al (La Presse)<\/a><\/p>\n<p><a href=\"https:\/\/www.facebook.com\/rdimatin\/videos\/vb.117711926863\/10155207977056864\/?type=2&amp;theater\"><span data-ft=\"{\">La grande guignol\u00e9e des m\u00e9dias<\/span> (Entrevue Ann St Arnaud, RDI Matin)<\/a><\/p>\n<p><a href=\"http:\/\/www.tvanouvelles.ca\/2017\/12\/06\/10-choses-a-savoir-sur-la-grande-guignolee-des-medias-1\">10 choses \u00e0 savoir sur La grande guignol\u00e9e des m\u00e9dias (TVA)<\/a><\/p>\n<p><a href=\"http:\/\/www.journaldemontreal.com\/2017\/12\/05\/pleins-feux-sur-des-benevoles-inspirants\">Pleins feux sur des b\u00e9n\u00e9voles inspirants (Journal de Montr\u00e9al)<\/a><\/p>\n<h4><strong>Novembre 2017<\/strong><\/h4>\n<p><a href=\"http:\/\/www.lapresse.ca\/actualites\/personnalite-de-la-semaine\/201711\/26\/01-5144875-personnalites-de-la-semaine-des-benevoles-de-jeunesse-au-soleil.php\">Personnalit\u00e9s de la semaine: des b\u00e9n\u00e9voles de Jeunesse au Soleil (La Presse)<\/a><\/p>\n<p><a href=\"http:\/\/www.ledevoir.com\/societe\/513971\/s-integrer-au-quebec-par-le-hockey\">S\u2019int\u00e9grer au Qu\u00e9bec par le hockey (Le Devoir)<\/a><\/p>\n<h4><strong>Ao\u00fbt 2017<\/strong><\/h4>\n<p><a href=\"http:\/\/www.journaldemontreal.com\/2017\/08\/18\/offrez-aux-enfants-un-ete-ensoleille\">Offrez aux enfants un \u00e9t\u00e9 ensoleill\u00e9! (Publireportage, Journal de Montr\u00e9al)<\/a><\/p>\n<p><a href=\"http:\/\/www.journaldemontreal.com\/2017\/08\/09\/beaucoup-denfants-a-vetir-et-a-nourrir\">Beaucoup d\u2019enfants \u00e0 v\u00eatir et \u00e0 nourrir (Journal de Montr\u00e9al)<\/a><\/p>\n<p><a href=\"http:\/\/www.journaldemontreal.com\/2017\/08\/02\/le-stade-olympique-se-transforme-en-refuge-pour-les-migrants-1\">Des autobus et des lits de camp au Stade olympique (Journal de Montr\u00e9al)<\/a><\/p>\n<h4><strong>Juillet 2017<\/strong><\/h4>\n<p><a href=\"http:\/\/journalmetro.com\/actualites\/montreal\/1174361\/securite-des-pietons-le-spvm-sensibilise-les-aines\/\">S\u00e9curit\u00e9 des pi\u00e9tons: le SPVM sensibilise les a\u00een\u00e9s (Le M\u00e9tro)<\/a><\/p>\n<p><a href=\"http:\/\/journalmetro.com\/actualites\/montreal\/1168049\/une-recompense-de-3000-offerte-pour-retrouver-un-fuyard\/\">Une r\u00e9compense de 3000$ offerte pour retrouver un fuyard (Le M\u00e9tro)<\/a><\/p>\n<h4><strong>Juin 2017<\/strong><\/h4>\n<p><a href=\"http:\/\/www.lapresse.ca\/maison\/immobilier\/demenagement\/201706\/29\/01-5111856-demenagement-a-qui-donner.php\">D\u00e9m\u00e9nagement: \u00e0\u00a0qui donner? (La Presse)<\/a><\/p>\n<p><a href=\"http:\/\/www.lapresse.ca\/actualites\/education\/201706\/22\/01-5110279-surpopulation-la-csdm-veut-se-reapproprier-des-batiments-loues.php\">Surpopulation: la CSDM veut se r\u00e9approprier des b\u00e2timents lou\u00e9s (La Presse)<\/a><\/p>\n<h4><strong>Mai 2017<\/strong><\/h4>\n<p><a href=\"http:\/\/www.tvanouvelles.ca\/2017\/05\/30\/des-jeunes-patrouilleurs-pour-assister-la-police-de-montreal\">Des jeunes patrouilleurs pour assister la police de Montr\u00e9al (TVA)<\/a><\/p>\n<h4><strong>Mars 2017<\/strong><\/h4>\n<p><a href=\"http:\/\/journalmetro.com\/actualites\/national\/1110105\/recompense-de-5000-pour-retrouver-tommy-clement-pepin\/\">R\u00e9compense de 5000 $ pour retrouver Tommy Cl\u00e9ment-P\u00e9pin (Le M\u00e9tro)<\/a><\/p>\n<h4><strong>F\u00e9vrier 2017<\/strong><\/h4>\n<p><a href=\"http:\/\/ici.radio-canada.ca\/nouvelle\/1018065\/poste-commandement-tentatives-meurtre-vols-violents-hochelaga-maisonneuve-montreal\">Le SPVM d\u00e9ploie un poste mobile pour retrouver le suspect de deux vols\u00a0violents (Reportage, Radio-Canada)<\/a><\/p>\n<p><a href=\"http:\/\/www.journaldemontreal.com\/2017\/02\/15\/punks-philanthropes\">Punks philanthropes (Journal de Montr\u00e9al)<\/a><\/p>\n<h4><strong>Janvier 2017<\/strong><\/h4>\n<p><a href=\"http:\/\/www.lapresse.ca\/actualites\/justice-et-faits-divers\/faits-divers\/201701\/27\/01-5063758-brossard-la-police-mene-une-fouille-chez-le-mari-de-jian-ping-li.php\">Brossard: la police m\u00e8ne une fouille chez le mari de Jian Ping Li (La Presse)<\/a><\/p>\n<p><a href=\"http:\/\/ici.radio-canada.ca\/nouvelle\/1010377\/police-enquete-disparition-mere-bebe-2014-brossard-mystere\">La police relance l&rsquo;enqu\u00eate sur la disparition d&rsquo;une m\u00e8re et de son b\u00e9b\u00e9 \u00e0\u00a0Brossard (Reportage, Radio-Canada)<\/a><\/p>\n<p><a href=\"http:\/\/journalmetro.com\/actualites\/national\/1075212\/de-nouvelles-informations-sur-la-disparition-dune-femme-et-son-bebe\/\">De nouvelles informations sur la disparition d\u2019une femme et son b\u00e9b\u00e9 (Journal M\u00e9tro)<\/a><\/p>\n<p><a href=\"http:\/\/www.tvanouvelles.ca\/2017\/01\/01\/un-repas-gratuit-pour-les-benevoles\">Un repas gratuit pour les b\u00e9n\u00e9voles de Jeunesse au Soleil (reportage, TVA)<\/a><\/p>\n<h4><strong>D\u00e9cembre 2016<br \/>\n<\/strong><\/h4>\n<p><a href=\"http:\/\/www.journaldemontreal.com\/2016\/12\/27\/un-restaurant-servira-250-repas-gratuits\">Un restaurant servira 250 repas gratuits (Journal de Montr\u00e9al)<\/a><\/p>\n<p><a href=\"http:\/\/www.journaldemontreal.com\/2016\/12\/20\/les-producteurs-de-lait-donnent-40-000-litres-de-lait-pour-noel-1\">Les producteurs de lait donnent 40 000 litres de lait pour No\u00ebl (Journal de Montr\u00e9al)<\/a><\/p>\n<p><a href=\"http:\/\/journalmetro.com\/local\/ahuntsic-cartierville\/actualites\/1067431\/un-incendie-laisse-39-familles-sans-toit\/\">Un incendie laisse 39 familles sans toit (Journal M\u00e9tro)<\/a><\/p>\n<p><a href=\"http:\/\/www.tvanouvelles.ca\/2016\/12\/07\/la-police-de-gatineau-garde-espoir-de-trouver-le-coupable-meme-apres-10-ans\">La police de Gatineau garde espoir de trouver le coupable m\u00eame apr\u00e8s 10 ans (TVA)<\/a><\/p>\n<p><a href=\"https:\/\/voir.ca\/musique\/2016\/12\/12\/entrevue-martin-leon-sort-de-sa-sabbatique-pour-un-spectacle-benefice\/\">Entrevue: Martin L\u00e9on sort de sa sabbatique pour un spectacle-b\u00e9n\u00e9fice (Voir)<\/a><\/p>\n<p><a href=\"http:\/\/www.journaldemontreal.com\/2016\/12\/08\/grande-guignolee-des-medias-plus-de-217-000--amasses-selon-le-bilan-partiel\">Plus de 217 000$ amass\u00e9s pour la Grande Guignol\u00e9e des m\u00e9dias 2016 (Journal de Montr\u00e9al)<\/a><\/p>\n<p><a href=\"http:\/\/ici.radio-canada.ca\/nouvelle\/1004587\/grande-guignolee-medias-collecte-exterieure\">Guignol\u00e9e\u00a0: une r\u00e9colte moins abondante que l&rsquo;an\u00a0dernier (Reportage, Radio-Canada)<\/a><\/p>\n<p><a href=\"http:\/\/www.nightlife.ca\/2016\/12\/12\/5-bonnes-actions-faciles-faire-pendant-le-temps-des-fetes\">5 bonnes actions faciles \u00e0 faire pendant le temps des F\u00eates (NightLife)<\/a><\/p>\n<p><a href=\"http:\/\/www.journaldemontreal.com\/2016\/12\/07\/x-choses-que-beaucoup-de-gens-feront-pendant-le-temps-des-fetes\">15 choses que beaucoup de gens feront pendant le temps des f\u00eates (Journal de Montr\u00e9al)<\/a><\/p>\n<h4><strong>Novembre 2016<\/strong><\/h4>\n<p><a href=\"https:\/\/www.lenouvelliste.ca\/actualites\/fonds-de-recherche-pour-cedrika-provencher-les-parents-versent-largent-a-des-organismes-a02d94c6bf6cc65ec1cadc905e147f52\">Fonds de recherche pour C\u00e9drika Provencher: les parents versent l&rsquo;argent \u00e0 des organismes (Le Nouveliste)<\/a><\/p>\n<h4><strong>Octobre 2016<\/strong><\/h4>\n<p><a href=\"http:\/\/www.tvanouvelles.ca\/2016\/10\/13\/cri-du-cur-pour-retrouver-un-chauffard-1\">Cri du c\u0153ur pour retrouver un chauffard (Reportage, TVA)<\/a><\/p>\n<p><a href=\"http:\/\/journalmetro.com\/actualites\/montreal\/1038710\/des-legumes-bios-pour-25-000-familles-demunies\/\">Des l\u00e9gumes bios pour 25 000 familles d\u00e9munies (Le M\u00e9tro)<\/a><\/p>\n<h4><strong>Septembre 2016<\/strong><\/h4>\n<p><a href=\"http:\/\/www.journaldemontreal.com\/2016\/09\/06\/delit-de-fuite-a-montreal--une-recompense-de-5000--pour-trouver-le-suspect\">D\u00e9lit de fuite \u00e0 Montr\u00e9al : une r\u00e9compense de 5000 $ pour trouver le suspect (Journal de Montr\u00e9al)<\/a><\/p>\n<p><a href=\"http:\/\/www.ledevoir.com\/societe\/education\/479156\/la-csdm-vend-un-edifice-au-rabais-a-jeunesse-au-soleil\">La CSDM vend un \u00e9difice au rabais \u00e0 Jeunesse au Soleil (Le Devoir)<\/a><\/p>\n<h4><strong>Ao\u00fbt 2016<\/strong><\/h4>\n<p><a href=\"http:\/\/www.lapresse.ca\/actualites\/201608\/27\/01-5014625-apres-35-ans-a-la-presidence-tommy-kulczyk-quitte-jeunesse-au-soleil.php\">Apr\u00e8s 35 ans \u00e0 la pr\u00e9sidence, Tommy Kulczyk quitte Jeunesse au soleil (La Presse)<\/a><\/p>\n<p><a href=\"http:\/\/www.journaldemontreal.com\/2016\/08\/17\/23m-pour-nourrir-les-enfants\">2,3M$ pour nourrir les enfants (Journal de Montr\u00e9al)<\/a><\/p>\n<h4><strong>Juillet 2016<\/strong><\/h4>\n<p><a href=\"http:\/\/www.journaldemontreal.com\/2016\/07\/25\/massicotte-vole-le-marbre-pour-la-medaille-dor\">D\u00e9panneur Du Coin de Montr\u00e9al (Journal de Montr\u00e9al)<\/a><\/p>\n<h4><strong>Juin 2016<\/strong><\/h4>\n<p><a href=\"http:\/\/ici.radio-canada.ca\/nouvelle\/790232\/tommy-kulczyk-montreal-commissaire-enfance-coderre\">Tommy Kulczyk nomm\u00e9 commissaire \u00e0 l&rsquo;enfance de\u00a0Montr\u00e9al (Radio-Canada)<\/a><\/p>\n<p><a href=\"http:\/\/www.journaldemontreal.com\/2016\/06\/29\/tommy-kulczyk-sera-le-commissaire-a-lenfance\">Un nouveau commissaire \u00e0 l\u2019enfance impliqu\u00e9 depuis 35 ans (24Heures)<\/a><\/p>\n<p><a href=\"http:\/\/www.journaldequebec.com\/2016\/06\/21\/montreal-fou-de-ses-enfants\">Montr\u00e9al fou de ses enfants (Journal de Qu\u00e9bec)<\/a><\/p>\n<h4><strong>Avril 2016<\/strong><\/h4>\n<p><a href=\"http:\/\/journalmetro.com\/actualites\/montreal\/953515\/montreal-les-flammes-ravagent-un-immeuble\/\">Montr\u00e9al: les flammes ravagent un immeuble (Le M\u00e9tro)<\/a><\/p>\n<p><a href=\"http:\/\/ici.radio-canada.ca\/nouvelle\/777808\/incendie-ouest-montreal-blesses-saut-balcon-origine-criminelle-possible\">Un incendie possiblement criminel jette 50 personnes \u00e0 la\u00a0rue (Radio-Canada)<\/a><\/p>\n<h4><strong>Mars 2016<\/strong><\/h4>\n<p><a href=\"http:\/\/ici.radio-canada.ca\/nouvelle\/771364\/yves-cyr-recompense-augmenter-anne-boudria\">La r\u00e9compense pour retrouver Yves Cyr pourrait\u00a0augmenter (Reportage, Radio-Canada)<\/a><\/p>\n<p><a href=\"http:\/\/www.journaldemontreal.com\/2016\/03\/02\/un-bon-samaritain-est-recompense-pour-avoir-sauve-un-homme-en-detresse\">R\u00e9compens\u00e9 par Jeunesse au Soleil pour avoir sauv\u00e9 une vie (Journal de Montr\u00e9al)<\/a><\/p>\n<p><a href=\"http:\/\/www.tvanouvelles.ca\/2016\/03\/02\/un-bon-samaritain-recompense\">Un bon Samaritain r\u00e9compens\u00e9 (TVA)<\/a><\/p>\n<p><a href=\"http:\/\/www.journaldemontreal.com\/2016\/03\/18\/50-femmes-et-3-bonnes-causes\">\u00a0\u00bb50 femmes et&#8230; 3 bonnes causes\u00a0\u00bb (Journal de Montr\u00e9al)<\/a><\/p>\n<h4><strong>F\u00e9vrier 2016<\/strong><\/h4>\n<p><a href=\"http:\/\/journalmetro.com\/local\/villeray-st-michel-parc-extension\/actualites\/917343\/cinq-personnes-perdent-leur-logement-dans-un-incendie\/\">Cinq personnes perdent leur logement dans un incendie (Journal M\u00e9tro)<\/a><\/p>\n<p><a href=\"http:\/\/www.lapresse.ca\/actualites\/justice-et-affaires-criminelles\/affaires-criminelles\/201602\/16\/01-4951232-agression-sur-une-femme-agee-5000-de-recompense-pour-identifier-le-suspect.php\">Agression sur une femme \u00e2g\u00e9e: 5000$ de r\u00e9compense pour identifier le suspect (La Presse)<\/a><\/p>\n<p><a href=\"http:\/\/www.journaldemontreal.com\/2016\/02\/17\/les-parents-de-marylin-bergeron-lancent-une-video-pour-retrouver-leur-fille\">Disparition de Marylin Bergeron: une vid\u00e9o sur YouTube pour relancer les recherches (Journal de Montr\u00e9al)<\/a><\/p>\n<p><a href=\"http:\/\/www.lapresse.ca\/le-soleil\/justice-et-faits-divers\/201602\/17\/01-4951576-disparition-de-marilyn-bergeron-blitz-pour-delier-les-langues.php\">Disparition de Marilyn Bergeron: blitz pour d\u00e9lier les langues (La Presse)<\/a><\/p>\n<p><a href=\"http:\/\/ici.radio-canada.ca\/nouvelle\/763939\/yves-cyr-cri-coeur-anne-boudria-disparition-gatineau-medias-sociaux\">Disparition d&rsquo;Yves Cyr\u00a0: nouveau cri du c\u0153ur de sa\u00a0conjointe (Radio-Canada)<\/a><\/p>\n<h4><strong>Janvier 2016<\/strong><\/h4>\n<p><a href=\"http:\/\/ici.radio-canada.ca\/nouvelle\/761552\/chaussures-jetees-yellow-montreal\">Des chaussures lac\u00e9r\u00e9es et jet\u00e9es derri\u00e8re un commerce font\u00a0r\u00e9agir (Radio-Canada)<\/a><\/p>\n<h4><strong>D\u00e9cembre 2015<\/strong><\/h4>\n<p><a href=\"http:\/\/www.journaldemontreal.com\/2015\/12\/29\/une-facture-dhydro-moins-salee-en-raison-du-temps-doux\">Une facture d&rsquo;Hydro moins sal\u00e9e en raison du temps doux (Journal de Montr\u00e9al)<\/a><\/p>\n<p><a href=\"http:\/\/www.lapresse.ca\/le-nouvelliste\/justice-et-faits-divers\/201512\/16\/01-4932027-cedrika-une-nouvelle-recompense-pour-trouver-le-meurtrier.php\">C\u00e9drika: une nouvelle r\u00e9compense pour trouver le meurtrier ? (Le Nouvelliste)<\/a><\/p>\n<p><a href=\"http:\/\/www.journaldemontreal.com\/2015\/12\/21\/jeunesse-au-soleil\">Jeunesse au Soleil (Journal de Montr\u00e9al)<\/a><\/p>\n<p><a href=\"http:\/\/www.journaldemontreal.com\/2015\/12\/12\/quand-le-cancer-frappe\">Quand le cancer frappe (Journal de Montr\u00e9al)<\/a><\/p>\n<p><a href=\"http:\/\/www.journaldemontreal.com\/2015\/12\/23\/abitibi-40-000-pour-elucider-le-meurtre-dune-algonquine\">Abitibi: 40 000$ pour \u00e9lucider le meurtre d&rsquo;une Algonquine (Journal de Montr\u00e9al)<\/a><\/p>\n<p><a href=\"http:\/\/plus.lapresse.ca\/screens\/c432f546-d79a-48cb-9aa4-6870aa3da56a|_0.html\">\u00c0 \u00a0\u00bbParc-Ex\u00a0\u00bb, le hockey fleurit (La Presse+)<\/a><\/p>\n<p><a href=\"http:\/\/ici.radio-canada.ca\/nouvelle\/753086\/guignolee-enfant-malade-classe-moyenne-argent-guignolee\">Quand la maladie plonge dans\u00a0le besoin\u00a0des familles de la classe\u00a0moyenne (Reportage, Radio-Canada)<\/a><\/p>\n<h4><strong>Novembre 2015<\/strong><\/h4>\n<p><a href=\"http:\/\/ici.radio-canada.ca\/nouvelle\/752596\/sylvie-bergeron-meurtre-st-roch-police-relance-enquete\">10 000\u00a0$ pour \u00e9lucider le meurtre de Sylvie\u00a0Bergeron (Reportage, Radio-Canada)<\/a><\/p>\n<p><a href=\"http:\/\/www.journaldemontreal.com\/2015\/11\/03\/des-dons-pour-egayer-le-temps-des-fetes-de-familles-plus-demunies\">Des dons pour \u00e9gayer le temps des F\u00eates de familles plus d\u00e9munies (Journal de Montr\u00e9al)<\/a><\/p>\n<p><a href=\"http:\/\/www.lapresse.ca\/le-soleil\/justice-et-faits-divers\/201511\/30\/01-4926202-meurtre-de-sylvie-bergeron-un-temoin-cle-recherche-depuis-cinq-ans.php\">Meurtre de Sylvie Bergeron: un t\u00e9moin-cl\u00e9 recherch\u00e9 depuis cinq ans (Le Soleil)<\/a><\/p>\n<h4><strong>Octobre 2015<\/strong><\/h4>\n<p><a href=\"http:\/\/www.journalsaint-francois.ca\/jeunesse-au-soleil-administrera-les-fonds-recueillis-pour-mathis\/\">Jeunesse au Soleil administrera les fonds recueillis pour Mathis (Journal Saint-Fran\u00e7ois)<\/a><\/p>\n<p><a href=\"http:\/\/www.tvanouvelles.ca\/2015\/10\/21\/un-fonds-substantiel-pour-le-petit-mathis\">Un fonds substantiel pour le petit Mathis (Reportage, TVA)<\/a><\/p>\n<h4><strong>Ao\u00fbt 2015<\/strong><\/h4>\n<p><a href=\"http:\/\/www.journaldemontreal.com\/2015\/08\/25\/jeunesse-au-soleil-recueille-80000\">Jeunesse au Soleil recueille 80 000$ (Journal de Montr\u00e9al)<\/a><\/p>\n<p><a href=\"http:\/\/www.journaldemontreal.com\/2016\/08\/17\/23m-pour-nourrir-les-enfants\">2,3M$ pour nourrir les enfants (Journal de Montr\u00e9al)<\/a><\/p>\n<p><a href=\"http:\/\/www.journaldemontreal.com\/2015\/08\/11\/des-vetements-neufs-pour-des-centaines-de-familles\">Des files d&rsquo;attente pour des v\u00eatements neufs (24Heures)<\/a><\/p>\n<p><a href=\"http:\/\/ici.radio-canada.ca\/nouvelle\/733587\/jeunesse-au-soleil-distribution-vetements-neufs\">Jeunesse au Soleil distribue des v\u00eatements neufs aux moins\u00a0nantis (Reportage, Radio-Canada)<\/a><\/p>\n<h4><strong>Juillet 2015<\/strong><\/h4>\n<p><a href=\"http:\/\/journalmetro.com\/local\/le-plateau-mont-royal\/actualites\/813873\/1-aine-sur-3-en-precarite-residentielle-dans-le-plateau\/\">Un a\u00een\u00e9 sur trois en pr\u00e9carit\u00e9 r\u00e9sidentielle dans le Plateau (Journal Le Plateau)<\/a><\/p>\n<p><a href=\"http:\/\/www.journaldemontreal.com\/2015\/07\/20\/meurtre-dans-cote-des-neiges-mandat-darrestation-contre-raynald-letourneau\">Mandat d&rsquo;arrestation contre Raynald L\u00e9tourneau (Journal de Montr\u00e9al) <\/a><\/p>\n<h4><strong>Juin 2015<\/strong><\/h4>\n<p><a href=\"http:\/\/www.journaldemontreal.com\/2015\/06\/12\/le-centre-dart-diane-dufresne-a-repentigny\">Tout partout en ville (Journal de Montr\u00e9al)<\/a><\/p>\n<h4><strong>Mai 2015<br \/>\n<\/strong><\/h4>\n<p><a href=\"http:\/\/www.journaldemontreal.com\/2015\/05\/20\/de-jeunes-heros-a-velo\">De jeunes h\u00e9ros \u00e0 v\u00e9lo (Journal de Montr\u00e9al)<\/a><\/p>\n<h4><strong>Avril 2015<\/strong><\/h4>\n<p><a href=\"http:\/\/tvanouvelles.ca\/lcn\/infos\/regional\/montreal\/archives\/2015\/04\/20150426-230317.html\">Grand nettoyage \u00e0 Jeunesse au Soleil<\/a><\/p>\n<h4><strong>Mars 2015<\/strong><\/h4>\n<p><a href=\"http:\/\/www.24hmontreal.canoe.ca\/24hmontreal\/actualites\/archives\/2015\/03\/20150326-191009.html\">Les h\u00e9ros du m\u00e9tro Jarry r\u00e9compens\u00e9s<\/a><\/p>\n<h4><strong>Janvier 2015<\/strong><\/h4>\n<p><a href=\"http:\/\/tvanouvelles.ca\/lcn\/infos\/regional\/montreal\/archives\/2015\/02\/20150211-221132.html\">R\u00e9compens\u00e9s pour avoir sauv\u00e9 la vie d&rsquo;un adolescent<\/a><\/p>\n<p><a href=\"http:\/\/www.journaldemontreal.com\/2015\/01\/21\/les-petits-miracles-de-jeunesse-au-soleil\">Les petits miracles de Jeunesse au Soleil- Danielle Arsenault, Journal de Montr\u00e9al<\/a><\/p>\n<h4><strong>D\u00e9cembre 2014<\/strong><\/h4>\n<p><a href=\"http:\/\/www.journaldemontreal.com\/2014\/12\/19\/aucune-decision-budgetaire-naffecte-les-plus-demunis-dit-coiteux\">Le pr\u00e9sident du conseil du tr\u00e9sor, Martin Coiteux, visite Jeunesse au Soleil<\/a><\/p>\n<p><a href=\"http:\/\/www.newswire.ca\/fr\/story\/1466331\/les-producteurs-de-lait-du-quebec-offrent-38-000-litres-de-lait-aux-familles-en-situation-de-pauvrete-pour-noel\">Les producteurs de lait offre 38 000 litres de lait \u00e0 No\u00ebl<\/a><\/p>\n<p><a href=\"http:\/\/fr.canoe.ca\/noel\/nouvelles\/archives\/2014\/12\/20141220-155707.html\">Jeunesse au Soleil distribue ses paniers avec le pr\u00e9sident de l&rsquo;Assembl\u00e9e nationale<\/a><\/p>\n<p><a href=\"http:\/\/www.newswire.ca\/fr\/story\/1465963\/60e-anniversaire-de-l-organisme-la-ville-de-montreal-soutient-l-excellence-du-travail-de-jeunesse-au-soleil\">La ville de Montr\u00e9al souligne l&rsquo;excellence du travail de Jeunesse au Soleil<\/a><\/p>\n<p><a href=\"http:\/\/mtltimes.ca\/social-life\/community\/solertia-partner-growth\/?utm_source=dlvr.it&amp;utm_medium=twitter\">Solertia : partner in Growth<\/a><\/p>\n<p><a href=\"http:\/\/www.newswire.ca\/fr\/story\/1464809\/car2go-offre-l-autopartage-en-cadeau\">Car2go offre l&rsquo;auto-partage en cadeau<\/a><\/p>\n<p><a href=\"http:\/\/www.journaldemontreal.com\/2014\/12\/19\/aucune-decision-budgetaire-naffecte-les-plus-demunis-dit-coiteux\">Visite du Ministre Coiteux \u00e0 Jeunesse au Soleil : entrevue avec Tommy Kulczyk<\/a><\/p>\n<p><a href=\"http:\/\/www.journaldemontreal.com\/2014\/12\/17\/le-premier-ministre-rend-visite-a-jeunesse-au-soleil\">Le Premier Ministre Harper visite Jeunesse au Soleil<\/a><\/p>\n<p><a href=\"http:\/\/tva.canoe.ca\/emissions\/salutbonjour\/chroniques\/sb\/extraitmeteo\/230326\/jeunesse-au-soleil-entrevue-avec-nicolas-carpentier\">La Grande Guignol\u00e9e des m\u00e9dias : entrevue avec Nicolas Carpentier<\/a><\/p>\n<p><a href=\"http:\/\/ici.radio-canada.ca\/emissions\/rdi_week_end\/2014-2015\/Entrevue.asp?idDoc=354559&amp;autoPlay=http:\/\/www.radio-canada.ca\/Medianet\/2014\/ExclusifWebVideo\/0811-1018_500.asx\">Lancement de la campagne annuelle : entrevue avec Ann St Arnaud<\/a><\/p>\n<p><a href=\"http:\/\/ici.radio-canada.ca\/nouvelles\/societe\/2014\/11\/04\/001-banques-alimentaires-augmentation-usagers.shtml\">Les Canadiens ayant recours aux banques alimentaires de plus en plus nombreux<\/a><\/p>\n<p><strong><a href=\"\/en\/section-news\/press-clippings\/\">Dans les m\u00e9dias anglophones<\/a><\/strong><\/p>\n","protected":false},"excerpt":{"rendered":"<p>Mars 2018 Jeunesse au Soleil recherche des jeunes h\u00e9ros (Entrevue Eric Kingsley \u00e0 Le 9 heures, LCN) F\u00e9vrier 2018 Disparition de M\u00e9lissa&#8230;<\/p>\n","protected":false},"author":12,"featured_media":152673,"comment_status":"open","ping_status":"open","sticky":false,"template":"","format":"standard","meta":{"_acf_changed":false,"_monsterinsights_skip_tracking":false,"_monsterinsights_sitenote_active":false,"_monsterinsights_sitenote_note":"","_monsterinsights_sitenote_category":0,"footnotes":""},"categories":[559],"tags":[],"class_list":{"0":"post-152138","1":"post","2":"type-post","3":"status-publish","4":"format-standard","5":"has-post-thumbnail","7":"category-medias"},"acf":[],"yoast_head":"<!-- This site is optimized with the Yoast SEO plugin v27.4 - https:\/\/yoast.com\/product\/yoast-seo-wordpress\/ -->\n<title>Revue de presse - Jeunesse au soleil<\/title>\n<meta name=\"robots\" content=\"index, follow, max-snippet:-1, max-image-preview:large, max-video-preview:-1\" \/>\n<link rel=\"canonical\" href=\"https:\/\/sunyouth.org\/fr\/revue-de-presse\/\" \/>\n<meta property=\"og:locale\" content=\"fr_FR\" \/>\n<meta property=\"og:type\" content=\"article\" \/>\n<meta property=\"og:title\" content=\"Revue de presse - Jeunesse au soleil\" \/>\n<meta property=\"og:description\" content=\"Mars 2018 Jeunesse au Soleil recherche des jeunes h\u00e9ros (Entrevue Eric Kingsley \u00e0 Le 9 heures, LCN) F\u00e9vrier 2018 Disparition de M\u00e9lissa...\" \/>\n<meta property=\"og:url\" content=\"https:\/\/sunyouth.org\/fr\/revue-de-presse\/\" \/>\n<meta property=\"og:site_name\" content=\"Jeunesse au soleil\" \/>\n<meta property=\"article:published_time\" content=\"2018-03-13T12:51:19+00:00\" \/>\n<meta property=\"og:image\" content=\"https:\/\/sunyouth.org\/wp-content\/uploads\/2018\/10\/Good_News_28_nov_TN.jpg\" \/>\n\t<meta property=\"og:image:width\" content=\"150\" \/>\n\t<meta property=\"og:image:height\" content=\"150\" \/>\n\t<meta property=\"og:image:type\" content=\"image\/jpeg\" \/>\n<meta name=\"author\" content=\"annsyo\" \/>\n<meta name=\"twitter:card\" content=\"summary_large_image\" \/>\n<meta name=\"twitter:label1\" content=\"\u00c9crit par\" \/>\n\t<meta name=\"twitter:data1\" content=\"annsyo\" \/>\n\t<meta name=\"twitter:label2\" content=\"Dur\u00e9e de lecture estim\u00e9e\" \/>\n\t<meta name=\"twitter:data2\" content=\"6 minutes\" \/>\n<script type=\"application\/ld+json\" class=\"yoast-schema-graph\">{\"@context\":\"https:\\\/\\\/schema.org\",\"@graph\":[{\"@type\":\"Article\",\"@id\":\"https:\\\/\\\/sunyouth.org\\\/fr\\\/revue-de-presse\\\/#article\",\"isPartOf\":{\"@id\":\"https:\\\/\\\/sunyouth.org\\\/fr\\\/revue-de-presse\\\/\"},\"author\":{\"name\":\"annsyo\",\"@id\":\"https:\\\/\\\/sunyouth.org\\\/#\\\/schema\\\/person\\\/b0259e8a83de4804e5f08b9602c8f043\"},\"headline\":\"Revue de presse\",\"datePublished\":\"2018-03-13T12:51:19+00:00\",\"mainEntityOfPage\":{\"@id\":\"https:\\\/\\\/sunyouth.org\\\/fr\\\/revue-de-presse\\\/\"},\"wordCount\":1293,\"commentCount\":0,\"publisher\":{\"@id\":\"https:\\\/\\\/sunyouth.org\\\/#organization\"},\"image\":{\"@id\":\"https:\\\/\\\/sunyouth.org\\\/fr\\\/revue-de-presse\\\/#primaryimage\"},\"thumbnailUrl\":\"https:\\\/\\\/sunyouth.org\\\/wp-content\\\/uploads\\\/2018\\\/10\\\/Good_News_28_nov_TN.jpg\",\"articleSection\":[\"M\u00e9dias\"],\"inLanguage\":\"fr-FR\"},{\"@type\":\"WebPage\",\"@id\":\"https:\\\/\\\/sunyouth.org\\\/fr\\\/revue-de-presse\\\/\",\"url\":\"https:\\\/\\\/sunyouth.org\\\/fr\\\/revue-de-presse\\\/\",\"name\":\"Revue de presse - Jeunesse au soleil\",\"isPartOf\":{\"@id\":\"https:\\\/\\\/sunyouth.org\\\/#website\"},\"primaryImageOfPage\":{\"@id\":\"https:\\\/\\\/sunyouth.org\\\/fr\\\/revue-de-presse\\\/#primaryimage\"},\"image\":{\"@id\":\"https:\\\/\\\/sunyouth.org\\\/fr\\\/revue-de-presse\\\/#primaryimage\"},\"thumbnailUrl\":\"https:\\\/\\\/sunyouth.org\\\/wp-content\\\/uploads\\\/2018\\\/10\\\/Good_News_28_nov_TN.jpg\",\"datePublished\":\"2018-03-13T12:51:19+00:00\",\"breadcrumb\":{\"@id\":\"https:\\\/\\\/sunyouth.org\\\/fr\\\/revue-de-presse\\\/#breadcrumb\"},\"inLanguage\":\"fr-FR\",\"potentialAction\":[{\"@type\":\"ReadAction\",\"target\":[\"https:\\\/\\\/sunyouth.org\\\/fr\\\/revue-de-presse\\\/\"]}]},{\"@type\":\"ImageObject\",\"inLanguage\":\"fr-FR\",\"@id\":\"https:\\\/\\\/sunyouth.org\\\/fr\\\/revue-de-presse\\\/#primaryimage\",\"url\":\"https:\\\/\\\/sunyouth.org\\\/wp-content\\\/uploads\\\/2018\\\/10\\\/Good_News_28_nov_TN.jpg\",\"contentUrl\":\"https:\\\/\\\/sunyouth.org\\\/wp-content\\\/uploads\\\/2018\\\/10\\\/Good_News_28_nov_TN.jpg\",\"width\":150,\"height\":150},{\"@type\":\"BreadcrumbList\",\"@id\":\"https:\\\/\\\/sunyouth.org\\\/fr\\\/revue-de-presse\\\/#breadcrumb\",\"itemListElement\":[{\"@type\":\"ListItem\",\"position\":1,\"name\":\"Home\",\"item\":\"https:\\\/\\\/sunyouth.org\\\/fr\\\/\"},{\"@type\":\"ListItem\",\"position\":2,\"name\":\"Revue de presse\"}]},{\"@type\":\"WebSite\",\"@id\":\"https:\\\/\\\/sunyouth.org\\\/#website\",\"url\":\"https:\\\/\\\/sunyouth.org\\\/\",\"name\":\"Jeunesse au soleil\",\"description\":\"Dedicated since 1954!\",\"publisher\":{\"@id\":\"https:\\\/\\\/sunyouth.org\\\/#organization\"},\"potentialAction\":[{\"@type\":\"SearchAction\",\"target\":{\"@type\":\"EntryPoint\",\"urlTemplate\":\"https:\\\/\\\/sunyouth.org\\\/?s={search_term_string}\"},\"query-input\":{\"@type\":\"PropertyValueSpecification\",\"valueRequired\":true,\"valueName\":\"search_term_string\"}}],\"inLanguage\":\"fr-FR\"},{\"@type\":\"Organization\",\"@id\":\"https:\\\/\\\/sunyouth.org\\\/#organization\",\"name\":\"SUN YOUTH\",\"url\":\"https:\\\/\\\/sunyouth.org\\\/\",\"logo\":{\"@type\":\"ImageObject\",\"inLanguage\":\"fr-FR\",\"@id\":\"https:\\\/\\\/sunyouth.org\\\/#\\\/schema\\\/logo\\\/image\\\/\",\"url\":\"https:\\\/\\\/sunyouth.org\\\/wp-content\\\/uploads\\\/2018\\\/11\\\/LOGO-SUNYOUTH.png\",\"contentUrl\":\"https:\\\/\\\/sunyouth.org\\\/wp-content\\\/uploads\\\/2018\\\/11\\\/LOGO-SUNYOUTH.png\",\"width\":251,\"height\":251,\"caption\":\"SUN YOUTH\"},\"image\":{\"@id\":\"https:\\\/\\\/sunyouth.org\\\/#\\\/schema\\\/logo\\\/image\\\/\"}},{\"@type\":\"Person\",\"@id\":\"https:\\\/\\\/sunyouth.org\\\/#\\\/schema\\\/person\\\/b0259e8a83de4804e5f08b9602c8f043\",\"name\":\"annsyo\",\"image\":{\"@type\":\"ImageObject\",\"inLanguage\":\"fr-FR\",\"@id\":\"https:\\\/\\\/secure.gravatar.com\\\/avatar\\\/9dc6ddf66fff71d6342b53076fb04addad583bc7c948b68a1f8f367a3a0cfb23?s=96&d=mm&r=g\",\"url\":\"https:\\\/\\\/secure.gravatar.com\\\/avatar\\\/9dc6ddf66fff71d6342b53076fb04addad583bc7c948b68a1f8f367a3a0cfb23?s=96&d=mm&r=g\",\"contentUrl\":\"https:\\\/\\\/secure.gravatar.com\\\/avatar\\\/9dc6ddf66fff71d6342b53076fb04addad583bc7c948b68a1f8f367a3a0cfb23?s=96&d=mm&r=g\",\"caption\":\"annsyo\"}}]}<\/script>\n<!-- \/ Yoast SEO plugin. -->","yoast_head_json":{"title":"Revue de presse - Jeunesse au soleil","robots":{"index":"index","follow":"follow","max-snippet":"max-snippet:-1","max-image-preview":"max-image-preview:large","max-video-preview":"max-video-preview:-1"},"canonical":"https:\/\/sunyouth.org\/fr\/revue-de-presse\/","og_locale":"fr_FR","og_type":"article","og_title":"Revue de presse - Jeunesse au soleil","og_description":"Mars 2018 Jeunesse au Soleil recherche des jeunes h\u00e9ros (Entrevue Eric Kingsley \u00e0 Le 9 heures, LCN) F\u00e9vrier 2018 Disparition de M\u00e9lissa...","og_url":"https:\/\/sunyouth.org\/fr\/revue-de-presse\/","og_site_name":"Jeunesse au soleil","article_published_time":"2018-03-13T12:51:19+00:00","og_image":[{"width":150,"height":150,"url":"https:\/\/sunyouth.org\/wp-content\/uploads\/2018\/10\/Good_News_28_nov_TN.jpg","type":"image\/jpeg"}],"author":"annsyo","twitter_card":"summary_large_image","twitter_misc":{"\u00c9crit par":"annsyo","Dur\u00e9e de lecture estim\u00e9e":"6 minutes"},"schema":{"@context":"https:\/\/schema.org","@graph":[{"@type":"Article","@id":"https:\/\/sunyouth.org\/fr\/revue-de-presse\/#article","isPartOf":{"@id":"https:\/\/sunyouth.org\/fr\/revue-de-presse\/"},"author":{"name":"annsyo","@id":"https:\/\/sunyouth.org\/#\/schema\/person\/b0259e8a83de4804e5f08b9602c8f043"},"headline":"Revue de presse","datePublished":"2018-03-13T12:51:19+00:00","mainEntityOfPage":{"@id":"https:\/\/sunyouth.org\/fr\/revue-de-presse\/"},"wordCount":1293,"commentCount":0,"publisher":{"@id":"https:\/\/sunyouth.org\/#organization"},"image":{"@id":"https:\/\/sunyouth.org\/fr\/revue-de-presse\/#primaryimage"},"thumbnailUrl":"https:\/\/sunyouth.org\/wp-content\/uploads\/2018\/10\/Good_News_28_nov_TN.jpg","articleSection":["M\u00e9dias"],"inLanguage":"fr-FR"},{"@type":"WebPage","@id":"https:\/\/sunyouth.org\/fr\/revue-de-presse\/","url":"https:\/\/sunyouth.org\/fr\/revue-de-presse\/","name":"Revue de presse - Jeunesse au soleil","isPartOf":{"@id":"https:\/\/sunyouth.org\/#website"},"primaryImageOfPage":{"@id":"https:\/\/sunyouth.org\/fr\/revue-de-presse\/#primaryimage"},"image":{"@id":"https:\/\/sunyouth.org\/fr\/revue-de-presse\/#primaryimage"},"thumbnailUrl":"https:\/\/sunyouth.org\/wp-content\/uploads\/2018\/10\/Good_News_28_nov_TN.jpg","datePublished":"2018-03-13T12:51:19+00:00","breadcrumb":{"@id":"https:\/\/sunyouth.org\/fr\/revue-de-presse\/#breadcrumb"},"inLanguage":"fr-FR","potentialAction":[{"@type":"ReadAction","target":["https:\/\/sunyouth.org\/fr\/revue-de-presse\/"]}]},{"@type":"ImageObject","inLanguage":"fr-FR","@id":"https:\/\/sunyouth.org\/fr\/revue-de-presse\/#primaryimage","url":"https:\/\/sunyouth.org\/wp-content\/uploads\/2018\/10\/Good_News_28_nov_TN.jpg","contentUrl":"https:\/\/sunyouth.org\/wp-content\/uploads\/2018\/10\/Good_News_28_nov_TN.jpg","width":150,"height":150},{"@type":"BreadcrumbList","@id":"https:\/\/sunyouth.org\/fr\/revue-de-presse\/#breadcrumb","itemListElement":[{"@type":"ListItem","position":1,"name":"Home","item":"https:\/\/sunyouth.org\/fr\/"},{"@type":"ListItem","position":2,"name":"Revue de presse"}]},{"@type":"WebSite","@id":"https:\/\/sunyouth.org\/#website","url":"https:\/\/sunyouth.org\/","name":"Jeunesse au soleil","description":"Dedicated since 1954!","publisher":{"@id":"https:\/\/sunyouth.org\/#organization"},"potentialAction":[{"@type":"SearchAction","target":{"@type":"EntryPoint","urlTemplate":"https:\/\/sunyouth.org\/?s={search_term_string}"},"query-input":{"@type":"PropertyValueSpecification","valueRequired":true,"valueName":"search_term_string"}}],"inLanguage":"fr-FR"},{"@type":"Organization","@id":"https:\/\/sunyouth.org\/#organization","name":"SUN YOUTH","url":"https:\/\/sunyouth.org\/","logo":{"@type":"ImageObject","inLanguage":"fr-FR","@id":"https:\/\/sunyouth.org\/#\/schema\/logo\/image\/","url":"https:\/\/sunyouth.org\/wp-content\/uploads\/2018\/11\/LOGO-SUNYOUTH.png","contentUrl":"https:\/\/sunyouth.org\/wp-content\/uploads\/2018\/11\/LOGO-SUNYOUTH.png","width":251,"height":251,"caption":"SUN YOUTH"},"image":{"@id":"https:\/\/sunyouth.org\/#\/schema\/logo\/image\/"}},{"@type":"Person","@id":"https:\/\/sunyouth.org\/#\/schema\/person\/b0259e8a83de4804e5f08b9602c8f043","name":"annsyo","image":{"@type":"ImageObject","inLanguage":"fr-FR","@id":"https:\/\/secure.gravatar.com\/avatar\/9dc6ddf66fff71d6342b53076fb04addad583bc7c948b68a1f8f367a3a0cfb23?s=96&d=mm&r=g","url":"https:\/\/secure.gravatar.com\/avatar\/9dc6ddf66fff71d6342b53076fb04addad583bc7c948b68a1f8f367a3a0cfb23?s=96&d=mm&r=g","contentUrl":"https:\/\/secure.gravatar.com\/avatar\/9dc6ddf66fff71d6342b53076fb04addad583bc7c948b68a1f8f367a3a0cfb23?s=96&d=mm&r=g","caption":"annsyo"}}]}},"menu_order":109,"_links":{"self":[{"href":"https:\/\/sunyouth.org\/fr\/wp-json\/wp\/v2\/posts\/152138","targetHints":{"allow":["GET"]}}],"collection":[{"href":"https:\/\/sunyouth.org\/fr\/wp-json\/wp\/v2\/posts"}],"about":[{"href":"https:\/\/sunyouth.org\/fr\/wp-json\/wp\/v2\/types\/post"}],"author":[{"embeddable":true,"href":"https:\/\/sunyouth.org\/fr\/wp-json\/wp\/v2\/users\/12"}],"replies":[{"embeddable":true,"href":"https:\/\/sunyouth.org\/fr\/wp-json\/wp\/v2\/comments?post=152138"}],"version-history":[{"count":0,"href":"https:\/\/sunyouth.org\/fr\/wp-json\/wp\/v2\/posts\/152138\/revisions"}],"wp:featuredmedia":[{"embeddable":true,"href":"https:\/\/sunyouth.org\/fr\/wp-json\/wp\/v2\/media\/152673"}],"wp:attachment":[{"href":"https:\/\/sunyouth.org\/fr\/wp-json\/wp\/v2\/media?parent=152138"}],"wp:term":[{"taxonomy":"category","embeddable":true,"href":"https:\/\/sunyouth.org\/fr\/wp-json\/wp\/v2\/categories?post=152138"},{"taxonomy":"post_tag","embeddable":true,"href":"https:\/\/sunyouth.org\/fr\/wp-json\/wp\/v2\/tags?post=152138"}],"curies":[{"name":"wp","href":"https:\/\/api.w.org\/{rel}","templated":true}]}}