{"id":152118,"date":"2018-01-24T15:10:56","date_gmt":"2018-01-24T15:10:56","guid":{"rendered":"https:\/\/sunyouth.org\/le-mot-des-fondateurs\/"},"modified":"2018-01-24T15:10:56","modified_gmt":"2018-01-24T15:10:56","slug":"le-mot-des-fondateurs","status":"publish","type":"post","link":"https:\/\/sunyouth.org\/fr\/le-mot-des-fondateurs\/","title":{"rendered":"Le mot des fondateurs"},"content":{"rendered":"<p>Apr\u00e8s six d\u00e9cennies, Jeunesse au Soleil est toujours pr\u00e9sent afin de venir en aide \u00e0 la communaut\u00e9.<\/p>\n<p style=\"text-align: justify;\">1954&#8230; Il semble qu&rsquo;il y a une vie de cela, mais c&rsquo;est \u00e0 ce moment que tout a commenc\u00e9 pour Jeunesse au Soleil. Cette ann\u00e9e-l\u00e0, un groupe de jeunes dont nous faisions partie (Sid Stevens, 13 ans, et Earl De La Perralle, 9 ans), se sont regroup\u00e9s afin de cr\u00e9er le <em><strong>Clark Street Sun<\/strong><\/em>, un journal de quartier manuscrit dont les profits serviraient \u00e0\u00a0d\u00e9frayer les frais d&rsquo;inscription de quelques jeunes d\u00e9favoris\u00e9s qui avaient besoin de soutien pour prendre part \u00e0 des activit\u00e9s sportives.<\/p>\n<p style=\"text-align: justify;\">Au cours des six d\u00e9cennies suivantes, de nombreuses personnes ont rejoint les rangs de notre organisation, chacune apportant quelque chose de nouveau et d&rsquo;essentiel \u00e0 un tout sans cesse grandissant. Maintenant en 2018, Jeunesse au Soleil est toujours debout, les fondements de l&rsquo;organisme reposant fermement sur son personnel et ses b\u00e9n\u00e9voles d\u00e9vou\u00e9s. S&rsquo;il y a une chose que l&rsquo;ann\u00e9e 2017 nous a apprise, c&rsquo;est \u00e0 quel point la vie est fragile et changeante. Au cours des 12 derniers mois, nous avons dit au revoir \u00e0 de pr\u00e9cieux contributeurs, alli\u00e9s et amis. Ces d\u00e9parts nous ont rappel\u00e9 l&rsquo;importance de planifier pour l&rsquo;avenir. Nous sommes heureux d&rsquo;observer que nos effectifs sont pr\u00eats \u00e0 relever le d\u00e9fi afin que notre organisme existe encore pour de nombreuses ann\u00e9es et puisse continuer \u00e0 prendre soin de la communaut\u00e9 qui l&rsquo;a vu grandir et m\u00fbrir.<\/p>\n<p style=\"text-align: justify;\">En 2017, quelque 8 500 donateurs nous ont permis de faire une \u00e9norme diff\u00e9rence dans la vie de plusieurs Montr\u00e9alais dans le besoin. De plus, 1 735 individus ont accompli pour nous 165\u00a0764 heures de travail b\u00e9n\u00e9vole (ce qui \u00e9quivaut \u00e0 80 emplois \u00e0 temps complet \u00e0 40 heures semaine). Nous ne serions pas qui nous sommes ni capables d&rsquo;accomplir tout notre travail sans le pr\u00e9cieux appui de ces merveilleuses personnes qui font don de leurs ressources et de leurs temps. Au nom de la grande famille de Jeunesse au Soleil, nous souhaitons vous remercier pour votre appui in\u00e9branlable et vous souhaiter le meilleur pour 2018.<\/p>\n<p style=\"text-align: center;\"><img style=\"display: block; margin-left: auto; margin-right: auto;\" src=\"https:\/\/sunyouth.org\/wp-content\/uploads\/2018\/10\/Sid__Earl_2018.jpg\" alt=\"Sid &amp; Earl 2018.jpg\" width=\"681\" height=\"454\" \/><em>Sid Stevens et Earl De La Perralle prennent soin des Montr\u00e9alais depuis maintenant 64 ans. <\/em><br \/>\n<em>Photo: Nicolas Carpentier<\/em><\/p>\n","protected":false},"excerpt":{"rendered":"<p>Apr\u00e8s six d\u00e9cennies, Jeunesse au Soleil est toujours pr\u00e9sent afin de venir en aide \u00e0 la communaut\u00e9. 1954&#8230; Il semble qu&rsquo;il y&#8230;<\/p>\n","protected":false},"author":12,"featured_media":152996,"comment_status":"closed","ping_status":"closed","sticky":false,"template":"","format":"standard","meta":{"_acf_changed":false,"_monsterinsights_skip_tracking":false,"_monsterinsights_sitenote_active":false,"_monsterinsights_sitenote_note":"","_monsterinsights_sitenote_category":0,"footnotes":""},"categories":[557],"tags":[],"class_list":{"0":"post-152118","1":"post","2":"type-post","3":"status-publish","4":"format-standard","5":"has-post-thumbnail","7":"category-historique"},"acf":[],"yoast_head":"<!-- This site is optimized with the Yoast SEO plugin v27.4 - https:\/\/yoast.com\/product\/yoast-seo-wordpress\/ -->\n<title>Le mot des fondateurs - Jeunesse au soleil<\/title>\n<meta name=\"robots\" content=\"index, follow, max-snippet:-1, max-image-preview:large, max-video-preview:-1\" \/>\n<link rel=\"canonical\" href=\"https:\/\/sunyouth.org\/fr\/le-mot-des-fondateurs\/\" \/>\n<meta property=\"og:locale\" content=\"fr_FR\" \/>\n<meta property=\"og:type\" content=\"article\" \/>\n<meta property=\"og:title\" content=\"Le mot des fondateurs - Jeunesse au soleil\" \/>\n<meta property=\"og:description\" content=\"Apr\u00e8s six d\u00e9cennies, Jeunesse au Soleil est toujours pr\u00e9sent afin de venir en aide \u00e0 la communaut\u00e9. 1954&#8230; Il semble qu&rsquo;il y...\" \/>\n<meta property=\"og:url\" content=\"https:\/\/sunyouth.org\/fr\/le-mot-des-fondateurs\/\" \/>\n<meta property=\"og:site_name\" content=\"Jeunesse au soleil\" \/>\n<meta property=\"article:published_time\" content=\"2018-01-24T15:10:56+00:00\" \/>\n<meta property=\"og:image\" content=\"https:\/\/sunyouth.org\/wp-content\/uploads\/2018\/10\/Sid__Earl_2018.jpg\" \/>\n\t<meta property=\"og:image:width\" content=\"5472\" \/>\n\t<meta property=\"og:image:height\" content=\"3648\" \/>\n\t<meta property=\"og:image:type\" content=\"image\/jpeg\" \/>\n<meta name=\"author\" content=\"annsyo\" \/>\n<meta name=\"twitter:card\" content=\"summary_large_image\" \/>\n<meta name=\"twitter:label1\" content=\"\u00c9crit par\" \/>\n\t<meta name=\"twitter:data1\" content=\"annsyo\" \/>\n\t<meta name=\"twitter:label2\" content=\"Dur\u00e9e de lecture estim\u00e9e\" \/>\n\t<meta name=\"twitter:data2\" content=\"2 minutes\" \/>\n<script type=\"application\/ld+json\" class=\"yoast-schema-graph\">{\"@context\":\"https:\\\/\\\/schema.org\",\"@graph\":[{\"@type\":\"Article\",\"@id\":\"https:\\\/\\\/sunyouth.org\\\/fr\\\/le-mot-des-fondateurs\\\/#article\",\"isPartOf\":{\"@id\":\"https:\\\/\\\/sunyouth.org\\\/fr\\\/le-mot-des-fondateurs\\\/\"},\"author\":{\"name\":\"annsyo\",\"@id\":\"https:\\\/\\\/sunyouth.org\\\/#\\\/schema\\\/person\\\/b0259e8a83de4804e5f08b9602c8f043\"},\"headline\":\"Le mot des fondateurs\",\"datePublished\":\"2018-01-24T15:10:56+00:00\",\"mainEntityOfPage\":{\"@id\":\"https:\\\/\\\/sunyouth.org\\\/fr\\\/le-mot-des-fondateurs\\\/\"},\"wordCount\":370,\"publisher\":{\"@id\":\"https:\\\/\\\/sunyouth.org\\\/#organization\"},\"image\":{\"@id\":\"https:\\\/\\\/sunyouth.org\\\/fr\\\/le-mot-des-fondateurs\\\/#primaryimage\"},\"thumbnailUrl\":\"https:\\\/\\\/sunyouth.org\\\/wp-content\\\/uploads\\\/2018\\\/10\\\/Sid__Earl_2018.jpg\",\"articleSection\":[\"Historique\"],\"inLanguage\":\"fr-FR\"},{\"@type\":\"WebPage\",\"@id\":\"https:\\\/\\\/sunyouth.org\\\/fr\\\/le-mot-des-fondateurs\\\/\",\"url\":\"https:\\\/\\\/sunyouth.org\\\/fr\\\/le-mot-des-fondateurs\\\/\",\"name\":\"Le mot des fondateurs - Jeunesse au soleil\",\"isPartOf\":{\"@id\":\"https:\\\/\\\/sunyouth.org\\\/#website\"},\"primaryImageOfPage\":{\"@id\":\"https:\\\/\\\/sunyouth.org\\\/fr\\\/le-mot-des-fondateurs\\\/#primaryimage\"},\"image\":{\"@id\":\"https:\\\/\\\/sunyouth.org\\\/fr\\\/le-mot-des-fondateurs\\\/#primaryimage\"},\"thumbnailUrl\":\"https:\\\/\\\/sunyouth.org\\\/wp-content\\\/uploads\\\/2018\\\/10\\\/Sid__Earl_2018.jpg\",\"datePublished\":\"2018-01-24T15:10:56+00:00\",\"breadcrumb\":{\"@id\":\"https:\\\/\\\/sunyouth.org\\\/fr\\\/le-mot-des-fondateurs\\\/#breadcrumb\"},\"inLanguage\":\"fr-FR\",\"potentialAction\":[{\"@type\":\"ReadAction\",\"target\":[\"https:\\\/\\\/sunyouth.org\\\/fr\\\/le-mot-des-fondateurs\\\/\"]}]},{\"@type\":\"ImageObject\",\"inLanguage\":\"fr-FR\",\"@id\":\"https:\\\/\\\/sunyouth.org\\\/fr\\\/le-mot-des-fondateurs\\\/#primaryimage\",\"url\":\"https:\\\/\\\/sunyouth.org\\\/wp-content\\\/uploads\\\/2018\\\/10\\\/Sid__Earl_2018.jpg\",\"contentUrl\":\"https:\\\/\\\/sunyouth.org\\\/wp-content\\\/uploads\\\/2018\\\/10\\\/Sid__Earl_2018.jpg\",\"width\":5472,\"height\":3648},{\"@type\":\"BreadcrumbList\",\"@id\":\"https:\\\/\\\/sunyouth.org\\\/fr\\\/le-mot-des-fondateurs\\\/#breadcrumb\",\"itemListElement\":[{\"@type\":\"ListItem\",\"position\":1,\"name\":\"Home\",\"item\":\"https:\\\/\\\/sunyouth.org\\\/fr\\\/\"},{\"@type\":\"ListItem\",\"position\":2,\"name\":\"Le mot des fondateurs\"}]},{\"@type\":\"WebSite\",\"@id\":\"https:\\\/\\\/sunyouth.org\\\/#website\",\"url\":\"https:\\\/\\\/sunyouth.org\\\/\",\"name\":\"Jeunesse au soleil\",\"description\":\"Dedicated since 1954!\",\"publisher\":{\"@id\":\"https:\\\/\\\/sunyouth.org\\\/#organization\"},\"potentialAction\":[{\"@type\":\"SearchAction\",\"target\":{\"@type\":\"EntryPoint\",\"urlTemplate\":\"https:\\\/\\\/sunyouth.org\\\/?s={search_term_string}\"},\"query-input\":{\"@type\":\"PropertyValueSpecification\",\"valueRequired\":true,\"valueName\":\"search_term_string\"}}],\"inLanguage\":\"fr-FR\"},{\"@type\":\"Organization\",\"@id\":\"https:\\\/\\\/sunyouth.org\\\/#organization\",\"name\":\"SUN YOUTH\",\"url\":\"https:\\\/\\\/sunyouth.org\\\/\",\"logo\":{\"@type\":\"ImageObject\",\"inLanguage\":\"fr-FR\",\"@id\":\"https:\\\/\\\/sunyouth.org\\\/#\\\/schema\\\/logo\\\/image\\\/\",\"url\":\"https:\\\/\\\/sunyouth.org\\\/wp-content\\\/uploads\\\/2018\\\/11\\\/LOGO-SUNYOUTH.png\",\"contentUrl\":\"https:\\\/\\\/sunyouth.org\\\/wp-content\\\/uploads\\\/2018\\\/11\\\/LOGO-SUNYOUTH.png\",\"width\":251,\"height\":251,\"caption\":\"SUN YOUTH\"},\"image\":{\"@id\":\"https:\\\/\\\/sunyouth.org\\\/#\\\/schema\\\/logo\\\/image\\\/\"}},{\"@type\":\"Person\",\"@id\":\"https:\\\/\\\/sunyouth.org\\\/#\\\/schema\\\/person\\\/b0259e8a83de4804e5f08b9602c8f043\",\"name\":\"annsyo\",\"image\":{\"@type\":\"ImageObject\",\"inLanguage\":\"fr-FR\",\"@id\":\"https:\\\/\\\/secure.gravatar.com\\\/avatar\\\/9dc6ddf66fff71d6342b53076fb04addad583bc7c948b68a1f8f367a3a0cfb23?s=96&d=mm&r=g\",\"url\":\"https:\\\/\\\/secure.gravatar.com\\\/avatar\\\/9dc6ddf66fff71d6342b53076fb04addad583bc7c948b68a1f8f367a3a0cfb23?s=96&d=mm&r=g\",\"contentUrl\":\"https:\\\/\\\/secure.gravatar.com\\\/avatar\\\/9dc6ddf66fff71d6342b53076fb04addad583bc7c948b68a1f8f367a3a0cfb23?s=96&d=mm&r=g\",\"caption\":\"annsyo\"}}]}<\/script>\n<!-- \/ Yoast SEO plugin. -->","yoast_head_json":{"title":"Le mot des fondateurs - Jeunesse au soleil","robots":{"index":"index","follow":"follow","max-snippet":"max-snippet:-1","max-image-preview":"max-image-preview:large","max-video-preview":"max-video-preview:-1"},"canonical":"https:\/\/sunyouth.org\/fr\/le-mot-des-fondateurs\/","og_locale":"fr_FR","og_type":"article","og_title":"Le mot des fondateurs - Jeunesse au soleil","og_description":"Apr\u00e8s six d\u00e9cennies, Jeunesse au Soleil est toujours pr\u00e9sent afin de venir en aide \u00e0 la communaut\u00e9. 1954&#8230; Il semble qu&rsquo;il y...","og_url":"https:\/\/sunyouth.org\/fr\/le-mot-des-fondateurs\/","og_site_name":"Jeunesse au soleil","article_published_time":"2018-01-24T15:10:56+00:00","og_image":[{"width":5472,"height":3648,"url":"https:\/\/sunyouth.org\/wp-content\/uploads\/2018\/10\/Sid__Earl_2018.jpg","type":"image\/jpeg"}],"author":"annsyo","twitter_card":"summary_large_image","twitter_misc":{"\u00c9crit par":"annsyo","Dur\u00e9e de lecture estim\u00e9e":"2 minutes"},"schema":{"@context":"https:\/\/schema.org","@graph":[{"@type":"Article","@id":"https:\/\/sunyouth.org\/fr\/le-mot-des-fondateurs\/#article","isPartOf":{"@id":"https:\/\/sunyouth.org\/fr\/le-mot-des-fondateurs\/"},"author":{"name":"annsyo","@id":"https:\/\/sunyouth.org\/#\/schema\/person\/b0259e8a83de4804e5f08b9602c8f043"},"headline":"Le mot des fondateurs","datePublished":"2018-01-24T15:10:56+00:00","mainEntityOfPage":{"@id":"https:\/\/sunyouth.org\/fr\/le-mot-des-fondateurs\/"},"wordCount":370,"publisher":{"@id":"https:\/\/sunyouth.org\/#organization"},"image":{"@id":"https:\/\/sunyouth.org\/fr\/le-mot-des-fondateurs\/#primaryimage"},"thumbnailUrl":"https:\/\/sunyouth.org\/wp-content\/uploads\/2018\/10\/Sid__Earl_2018.jpg","articleSection":["Historique"],"inLanguage":"fr-FR"},{"@type":"WebPage","@id":"https:\/\/sunyouth.org\/fr\/le-mot-des-fondateurs\/","url":"https:\/\/sunyouth.org\/fr\/le-mot-des-fondateurs\/","name":"Le mot des fondateurs - Jeunesse au soleil","isPartOf":{"@id":"https:\/\/sunyouth.org\/#website"},"primaryImageOfPage":{"@id":"https:\/\/sunyouth.org\/fr\/le-mot-des-fondateurs\/#primaryimage"},"image":{"@id":"https:\/\/sunyouth.org\/fr\/le-mot-des-fondateurs\/#primaryimage"},"thumbnailUrl":"https:\/\/sunyouth.org\/wp-content\/uploads\/2018\/10\/Sid__Earl_2018.jpg","datePublished":"2018-01-24T15:10:56+00:00","breadcrumb":{"@id":"https:\/\/sunyouth.org\/fr\/le-mot-des-fondateurs\/#breadcrumb"},"inLanguage":"fr-FR","potentialAction":[{"@type":"ReadAction","target":["https:\/\/sunyouth.org\/fr\/le-mot-des-fondateurs\/"]}]},{"@type":"ImageObject","inLanguage":"fr-FR","@id":"https:\/\/sunyouth.org\/fr\/le-mot-des-fondateurs\/#primaryimage","url":"https:\/\/sunyouth.org\/wp-content\/uploads\/2018\/10\/Sid__Earl_2018.jpg","contentUrl":"https:\/\/sunyouth.org\/wp-content\/uploads\/2018\/10\/Sid__Earl_2018.jpg","width":5472,"height":3648},{"@type":"BreadcrumbList","@id":"https:\/\/sunyouth.org\/fr\/le-mot-des-fondateurs\/#breadcrumb","itemListElement":[{"@type":"ListItem","position":1,"name":"Home","item":"https:\/\/sunyouth.org\/fr\/"},{"@type":"ListItem","position":2,"name":"Le mot des fondateurs"}]},{"@type":"WebSite","@id":"https:\/\/sunyouth.org\/#website","url":"https:\/\/sunyouth.org\/","name":"Jeunesse au soleil","description":"Dedicated since 1954!","publisher":{"@id":"https:\/\/sunyouth.org\/#organization"},"potentialAction":[{"@type":"SearchAction","target":{"@type":"EntryPoint","urlTemplate":"https:\/\/sunyouth.org\/?s={search_term_string}"},"query-input":{"@type":"PropertyValueSpecification","valueRequired":true,"valueName":"search_term_string"}}],"inLanguage":"fr-FR"},{"@type":"Organization","@id":"https:\/\/sunyouth.org\/#organization","name":"SUN YOUTH","url":"https:\/\/sunyouth.org\/","logo":{"@type":"ImageObject","inLanguage":"fr-FR","@id":"https:\/\/sunyouth.org\/#\/schema\/logo\/image\/","url":"https:\/\/sunyouth.org\/wp-content\/uploads\/2018\/11\/LOGO-SUNYOUTH.png","contentUrl":"https:\/\/sunyouth.org\/wp-content\/uploads\/2018\/11\/LOGO-SUNYOUTH.png","width":251,"height":251,"caption":"SUN YOUTH"},"image":{"@id":"https:\/\/sunyouth.org\/#\/schema\/logo\/image\/"}},{"@type":"Person","@id":"https:\/\/sunyouth.org\/#\/schema\/person\/b0259e8a83de4804e5f08b9602c8f043","name":"annsyo","image":{"@type":"ImageObject","inLanguage":"fr-FR","@id":"https:\/\/secure.gravatar.com\/avatar\/9dc6ddf66fff71d6342b53076fb04addad583bc7c948b68a1f8f367a3a0cfb23?s=96&d=mm&r=g","url":"https:\/\/secure.gravatar.com\/avatar\/9dc6ddf66fff71d6342b53076fb04addad583bc7c948b68a1f8f367a3a0cfb23?s=96&d=mm&r=g","contentUrl":"https:\/\/secure.gravatar.com\/avatar\/9dc6ddf66fff71d6342b53076fb04addad583bc7c948b68a1f8f367a3a0cfb23?s=96&d=mm&r=g","caption":"annsyo"}}]}},"menu_order":119,"_links":{"self":[{"href":"https:\/\/sunyouth.org\/fr\/wp-json\/wp\/v2\/posts\/152118","targetHints":{"allow":["GET"]}}],"collection":[{"href":"https:\/\/sunyouth.org\/fr\/wp-json\/wp\/v2\/posts"}],"about":[{"href":"https:\/\/sunyouth.org\/fr\/wp-json\/wp\/v2\/types\/post"}],"author":[{"embeddable":true,"href":"https:\/\/sunyouth.org\/fr\/wp-json\/wp\/v2\/users\/12"}],"replies":[{"embeddable":true,"href":"https:\/\/sunyouth.org\/fr\/wp-json\/wp\/v2\/comments?post=152118"}],"version-history":[{"count":0,"href":"https:\/\/sunyouth.org\/fr\/wp-json\/wp\/v2\/posts\/152118\/revisions"}],"wp:featuredmedia":[{"embeddable":true,"href":"https:\/\/sunyouth.org\/fr\/wp-json\/wp\/v2\/media\/152996"}],"wp:attachment":[{"href":"https:\/\/sunyouth.org\/fr\/wp-json\/wp\/v2\/media?parent=152118"}],"wp:term":[{"taxonomy":"category","embeddable":true,"href":"https:\/\/sunyouth.org\/fr\/wp-json\/wp\/v2\/categories?post=152118"},{"taxonomy":"post_tag","embeddable":true,"href":"https:\/\/sunyouth.org\/fr\/wp-json\/wp\/v2\/tags?post=152118"}],"curies":[{"name":"wp","href":"https:\/\/api.w.org\/{rel}","templated":true}]}}