{"id":152058,"date":"2017-08-28T20:42:16","date_gmt":"2017-08-28T20:42:16","guid":{"rendered":"https:\/\/sunyouth.org\/rentree-scolaire-a-jeunesse-au-soleil\/"},"modified":"2017-08-28T20:42:16","modified_gmt":"2017-08-28T20:42:16","slug":"rentree-scolaire-a-jeunesse-au-soleil","status":"publish","type":"post","link":"https:\/\/sunyouth.org\/fr\/rentree-scolaire-a-jeunesse-au-soleil\/","title":{"rendered":"Rentr\u00e9e scolaire \u00e0 Jeunesse au Soleil"},"content":{"rendered":"<p>Pour une autre ann\u00e9e, des centaines d&rsquo;enfants seront \u00e9quip\u00e9s pour la rentr\u00e9e des classes.<\/p>\n<p style=\"text-align: justify;\">Le mois d\u2019ao\u00fbt est le moment o\u00f9 les parents et leurs enfants se pr\u00e9parent pour la rentr\u00e9e scolaire. Arm\u00e9s de leur liste de fournitures scolaires, ils parcourent les diff\u00e9rents magasins dans l&rsquo;espoir d&rsquo;obtenir le meilleur prix sur ces articles essentiels. D\u00e9pendamment des \u00e9coles et de leurs exigences, la facture peut \u00eatre difficile \u00e0 avaler particuli\u00e8rement pour les familles \u00e0 faible revenu.<\/p>\n<p style=\"text-align: justify;\">Heureusement, Jeunesse au Soleil organise chaque ann\u00e9e une <a href=\"\/fr\/services\/urgence\/distribution-de-fournitures-scolaires\/\"><strong>distribution de fournitures scolaires<\/strong><\/a> afin de bien \u00e9quiper les enfants pour le retour des classes. Cette ann\u00e9e, c\u2019est quelque <strong>500 jeunes<\/strong> qui ont re\u00e7u des fournitures scolaires les <strong>21 et 22 ao\u00fbt dernier<\/strong> gr\u00e2ce \u00e0 des dons du public et d\u2019entreprises.<\/p>\n<p style=\"text-align: justify;\">La rentr\u00e9e scolaire est \u00e9galement synonyme de nouveaux v\u00eatements. Les jeunes, en particulier les adolescents, souhaitent d\u00e9marrer la nouvelle ann\u00e9e en beaut\u00e9. Une fois de plus, Jeunesse au Soleil a pens\u00e9 \u00e0 eux. Comme c\u2019est maintenant une tradition, l\u2019organisme a distribu\u00e9 des<a href=\"\/fr\/services\/urgence\/distribution-de-v-tements-neufs\/\"><strong> v\u00eatements neufs en taille d&rsquo;adulte<\/strong><\/a> \u00e0 des familles d\u00e9favoris\u00e9es les <strong>15 et 16 ao\u00fbt dernier<\/strong>. Au total, c\u2019est quelque<strong> 2 200 personnes<\/strong> qui ont re\u00e7u de nouveaux v\u00eatements et qui seront en mesure d&rsquo;utiliser l&rsquo;argent qu&rsquo;ils ont \u00e9conomis\u00e9 pour payer d&rsquo;autres n\u00e9cessit\u00e9s tels que des fournitures scolaires. Un tel \u00e9v\u00e9nement caritatif n&rsquo;aurait pu avoir lieu sans la g\u00e9n\u00e9rosit\u00e9 de compagnies telles <strong>Modern Eternity Maternity Coats &amp; Apparel<\/strong>, <strong>VF Imagewear Canada Inc.<\/strong>, <strong>et <\/strong><strong>L\u2019\u00e9quipe Spectra<\/strong>.<\/p>\n<p style=\"text-align: justify;\">L&rsquo;ann\u00e9e derni\u00e8re, la Ville de Montr\u00e9al a annonc\u00e9 sa <a href=\"http:\/\/ville.montreal.qc.ca\/pls\/portal\/docs\/page\/d_social_fr\/media\/documents\/politique_enfant_version_integrale.pdf\" target=\"_blank\" rel=\"noopener noreferrer\"><strong>politique de l&rsquo;enfant<\/strong><\/a> avec un budget de 25 millions de dollars sur 5 ans afin d\u2019aider les enfants confront\u00e9s \u00e0 des situations difficiles. La Politique s\u2019est alli\u00e9e \u00e0 de nombreux partenaires, dont <strong>Le Club des petits d\u00e9jeuners<\/strong>, <strong>la Fondation du Dr Julien<\/strong>, <strong>R\u00e9seau r\u00e9ussite Montr\u00e9al<\/strong>, <strong>le Quartier des spectacle<\/strong>s, <strong>Espace pour la vie<\/strong>, le <strong>Mus\u00e9e des beaux-arts de Montr\u00e9al<\/strong>, <strong>MU<\/strong> et <strong>Jeunesse au Soleil<\/strong>, pour ne nommer que ceux-l\u00e0. Jusqu&rsquo;\u00e0 maintenant, Jeunesse au Soleil est venu en aide \u00e0 pr\u00e8s de <strong>470 enfants de 30 \u00e9coles primaires et secondaires de la r\u00e9gion de Montr\u00e9al<\/strong> en leur fournissant une assistance mat\u00e9rielle (fournitures scolaires et nouveaux v\u00eatements) de m\u00eame que des services d\u2019urgence (v\u00eatements, lunettes, m\u00e9dicaments, soins dentaires, etc.) aux familles de ces m\u00eames \u00e9l\u00e8ves.<\/p>\n<p align=\"center\"><img src=\"https:\/\/sunyouth.org\/wp-content\/uploads\/2018\/10\/1H1A1551.jpg\" alt=\"1H1A1551.jpg\" width=\"701\" height=\"467\" \/><\/p>\n<p align=\"center\">(De gauche \u00e0 droite) Mary Bottero et Eric Kingsley de Jeunesse au Soleil recevant le don de fournitures scolaires par Cyrille Aubin et Lori Buckberrough de RBC Dominion Securities.<\/p>\n","protected":false},"excerpt":{"rendered":"<p>Pour une autre ann\u00e9e, des centaines d&rsquo;enfants seront \u00e9quip\u00e9s pour la rentr\u00e9e des classes. Le mois d\u2019ao\u00fbt est le moment o\u00f9 les&#8230;<\/p>\n","protected":false},"author":12,"featured_media":152959,"comment_status":"open","ping_status":"open","sticky":false,"template":"","format":"standard","meta":{"_acf_changed":false,"_monsterinsights_skip_tracking":false,"_monsterinsights_sitenote_active":false,"_monsterinsights_sitenote_note":"","_monsterinsights_sitenote_category":0,"footnotes":""},"categories":[556,547,558,576],"tags":[],"class_list":{"0":"post-152058","1":"post","2":"type-post","3":"status-publish","4":"format-standard","5":"has-post-thumbnail","7":"category-aide","8":"category-faire-un-don","9":"category-partenaires","10":"category-services-fr"},"acf":[],"yoast_head":"<!-- This site is optimized with the Yoast SEO plugin v27.4 - https:\/\/yoast.com\/product\/yoast-seo-wordpress\/ -->\n<title>Rentr\u00e9e scolaire \u00e0 Jeunesse au Soleil - Jeunesse au soleil<\/title>\n<meta name=\"robots\" content=\"index, follow, max-snippet:-1, max-image-preview:large, max-video-preview:-1\" \/>\n<link rel=\"canonical\" href=\"https:\/\/sunyouth.org\/fr\/rentree-scolaire-a-jeunesse-au-soleil\/\" \/>\n<meta property=\"og:locale\" content=\"fr_FR\" \/>\n<meta property=\"og:type\" content=\"article\" \/>\n<meta property=\"og:title\" content=\"Rentr\u00e9e scolaire \u00e0 Jeunesse au Soleil - Jeunesse au soleil\" \/>\n<meta property=\"og:description\" content=\"Pour une autre ann\u00e9e, des centaines d&rsquo;enfants seront \u00e9quip\u00e9s pour la rentr\u00e9e des classes. Le mois d\u2019ao\u00fbt est le moment o\u00f9 les...\" \/>\n<meta property=\"og:url\" content=\"https:\/\/sunyouth.org\/fr\/rentree-scolaire-a-jeunesse-au-soleil\/\" \/>\n<meta property=\"og:site_name\" content=\"Jeunesse au soleil\" \/>\n<meta property=\"article:published_time\" content=\"2017-08-28T20:42:16+00:00\" \/>\n<meta property=\"og:image\" content=\"https:\/\/sunyouth.org\/wp-content\/uploads\/2018\/10\/1H1A1551-9.jpg\" \/>\n\t<meta property=\"og:image:width\" content=\"5096\" \/>\n\t<meta property=\"og:image:height\" content=\"3397\" \/>\n\t<meta property=\"og:image:type\" content=\"image\/jpeg\" \/>\n<meta name=\"author\" content=\"annsyo\" \/>\n<meta name=\"twitter:card\" content=\"summary_large_image\" \/>\n<meta name=\"twitter:label1\" content=\"\u00c9crit par\" \/>\n\t<meta name=\"twitter:data1\" content=\"annsyo\" \/>\n\t<meta name=\"twitter:label2\" content=\"Dur\u00e9e de lecture estim\u00e9e\" \/>\n\t<meta name=\"twitter:data2\" content=\"2 minutes\" \/>\n<script type=\"application\/ld+json\" class=\"yoast-schema-graph\">{\"@context\":\"https:\\\/\\\/schema.org\",\"@graph\":[{\"@type\":\"Article\",\"@id\":\"https:\\\/\\\/sunyouth.org\\\/fr\\\/rentree-scolaire-a-jeunesse-au-soleil\\\/#article\",\"isPartOf\":{\"@id\":\"https:\\\/\\\/sunyouth.org\\\/fr\\\/rentree-scolaire-a-jeunesse-au-soleil\\\/\"},\"author\":{\"name\":\"annsyo\",\"@id\":\"https:\\\/\\\/sunyouth.org\\\/#\\\/schema\\\/person\\\/b0259e8a83de4804e5f08b9602c8f043\"},\"headline\":\"Rentr\u00e9e scolaire \u00e0 Jeunesse au Soleil\",\"datePublished\":\"2017-08-28T20:42:16+00:00\",\"mainEntityOfPage\":{\"@id\":\"https:\\\/\\\/sunyouth.org\\\/fr\\\/rentree-scolaire-a-jeunesse-au-soleil\\\/\"},\"wordCount\":448,\"commentCount\":0,\"publisher\":{\"@id\":\"https:\\\/\\\/sunyouth.org\\\/#organization\"},\"image\":{\"@id\":\"https:\\\/\\\/sunyouth.org\\\/fr\\\/rentree-scolaire-a-jeunesse-au-soleil\\\/#primaryimage\"},\"thumbnailUrl\":\"https:\\\/\\\/sunyouth.org\\\/wp-content\\\/uploads\\\/2018\\\/10\\\/1H1A1551-9.jpg\",\"articleSection\":[\"Aide\",\"Faire un don\",\"Partenaires\",\"Services\"],\"inLanguage\":\"fr-FR\"},{\"@type\":\"WebPage\",\"@id\":\"https:\\\/\\\/sunyouth.org\\\/fr\\\/rentree-scolaire-a-jeunesse-au-soleil\\\/\",\"url\":\"https:\\\/\\\/sunyouth.org\\\/fr\\\/rentree-scolaire-a-jeunesse-au-soleil\\\/\",\"name\":\"Rentr\u00e9e scolaire \u00e0 Jeunesse au Soleil - Jeunesse au soleil\",\"isPartOf\":{\"@id\":\"https:\\\/\\\/sunyouth.org\\\/#website\"},\"primaryImageOfPage\":{\"@id\":\"https:\\\/\\\/sunyouth.org\\\/fr\\\/rentree-scolaire-a-jeunesse-au-soleil\\\/#primaryimage\"},\"image\":{\"@id\":\"https:\\\/\\\/sunyouth.org\\\/fr\\\/rentree-scolaire-a-jeunesse-au-soleil\\\/#primaryimage\"},\"thumbnailUrl\":\"https:\\\/\\\/sunyouth.org\\\/wp-content\\\/uploads\\\/2018\\\/10\\\/1H1A1551-9.jpg\",\"datePublished\":\"2017-08-28T20:42:16+00:00\",\"breadcrumb\":{\"@id\":\"https:\\\/\\\/sunyouth.org\\\/fr\\\/rentree-scolaire-a-jeunesse-au-soleil\\\/#breadcrumb\"},\"inLanguage\":\"fr-FR\",\"potentialAction\":[{\"@type\":\"ReadAction\",\"target\":[\"https:\\\/\\\/sunyouth.org\\\/fr\\\/rentree-scolaire-a-jeunesse-au-soleil\\\/\"]}]},{\"@type\":\"ImageObject\",\"inLanguage\":\"fr-FR\",\"@id\":\"https:\\\/\\\/sunyouth.org\\\/fr\\\/rentree-scolaire-a-jeunesse-au-soleil\\\/#primaryimage\",\"url\":\"https:\\\/\\\/sunyouth.org\\\/wp-content\\\/uploads\\\/2018\\\/10\\\/1H1A1551-9.jpg\",\"contentUrl\":\"https:\\\/\\\/sunyouth.org\\\/wp-content\\\/uploads\\\/2018\\\/10\\\/1H1A1551-9.jpg\",\"width\":5096,\"height\":3397},{\"@type\":\"BreadcrumbList\",\"@id\":\"https:\\\/\\\/sunyouth.org\\\/fr\\\/rentree-scolaire-a-jeunesse-au-soleil\\\/#breadcrumb\",\"itemListElement\":[{\"@type\":\"ListItem\",\"position\":1,\"name\":\"Home\",\"item\":\"https:\\\/\\\/sunyouth.org\\\/fr\\\/\"},{\"@type\":\"ListItem\",\"position\":2,\"name\":\"Rentr\u00e9e scolaire \u00e0 Jeunesse au Soleil\"}]},{\"@type\":\"WebSite\",\"@id\":\"https:\\\/\\\/sunyouth.org\\\/#website\",\"url\":\"https:\\\/\\\/sunyouth.org\\\/\",\"name\":\"Jeunesse au soleil\",\"description\":\"Dedicated since 1954!\",\"publisher\":{\"@id\":\"https:\\\/\\\/sunyouth.org\\\/#organization\"},\"potentialAction\":[{\"@type\":\"SearchAction\",\"target\":{\"@type\":\"EntryPoint\",\"urlTemplate\":\"https:\\\/\\\/sunyouth.org\\\/?s={search_term_string}\"},\"query-input\":{\"@type\":\"PropertyValueSpecification\",\"valueRequired\":true,\"valueName\":\"search_term_string\"}}],\"inLanguage\":\"fr-FR\"},{\"@type\":\"Organization\",\"@id\":\"https:\\\/\\\/sunyouth.org\\\/#organization\",\"name\":\"SUN YOUTH\",\"url\":\"https:\\\/\\\/sunyouth.org\\\/\",\"logo\":{\"@type\":\"ImageObject\",\"inLanguage\":\"fr-FR\",\"@id\":\"https:\\\/\\\/sunyouth.org\\\/#\\\/schema\\\/logo\\\/image\\\/\",\"url\":\"https:\\\/\\\/sunyouth.org\\\/wp-content\\\/uploads\\\/2018\\\/11\\\/LOGO-SUNYOUTH.png\",\"contentUrl\":\"https:\\\/\\\/sunyouth.org\\\/wp-content\\\/uploads\\\/2018\\\/11\\\/LOGO-SUNYOUTH.png\",\"width\":251,\"height\":251,\"caption\":\"SUN YOUTH\"},\"image\":{\"@id\":\"https:\\\/\\\/sunyouth.org\\\/#\\\/schema\\\/logo\\\/image\\\/\"}},{\"@type\":\"Person\",\"@id\":\"https:\\\/\\\/sunyouth.org\\\/#\\\/schema\\\/person\\\/b0259e8a83de4804e5f08b9602c8f043\",\"name\":\"annsyo\",\"image\":{\"@type\":\"ImageObject\",\"inLanguage\":\"fr-FR\",\"@id\":\"https:\\\/\\\/secure.gravatar.com\\\/avatar\\\/9dc6ddf66fff71d6342b53076fb04addad583bc7c948b68a1f8f367a3a0cfb23?s=96&d=mm&r=g\",\"url\":\"https:\\\/\\\/secure.gravatar.com\\\/avatar\\\/9dc6ddf66fff71d6342b53076fb04addad583bc7c948b68a1f8f367a3a0cfb23?s=96&d=mm&r=g\",\"contentUrl\":\"https:\\\/\\\/secure.gravatar.com\\\/avatar\\\/9dc6ddf66fff71d6342b53076fb04addad583bc7c948b68a1f8f367a3a0cfb23?s=96&d=mm&r=g\",\"caption\":\"annsyo\"}}]}<\/script>\n<!-- \/ Yoast SEO plugin. -->","yoast_head_json":{"title":"Rentr\u00e9e scolaire \u00e0 Jeunesse au Soleil - Jeunesse au soleil","robots":{"index":"index","follow":"follow","max-snippet":"max-snippet:-1","max-image-preview":"max-image-preview:large","max-video-preview":"max-video-preview:-1"},"canonical":"https:\/\/sunyouth.org\/fr\/rentree-scolaire-a-jeunesse-au-soleil\/","og_locale":"fr_FR","og_type":"article","og_title":"Rentr\u00e9e scolaire \u00e0 Jeunesse au Soleil - Jeunesse au soleil","og_description":"Pour une autre ann\u00e9e, des centaines d&rsquo;enfants seront \u00e9quip\u00e9s pour la rentr\u00e9e des classes. Le mois d\u2019ao\u00fbt est le moment o\u00f9 les...","og_url":"https:\/\/sunyouth.org\/fr\/rentree-scolaire-a-jeunesse-au-soleil\/","og_site_name":"Jeunesse au soleil","article_published_time":"2017-08-28T20:42:16+00:00","og_image":[{"width":5096,"height":3397,"url":"https:\/\/sunyouth.org\/wp-content\/uploads\/2018\/10\/1H1A1551-9.jpg","type":"image\/jpeg"}],"author":"annsyo","twitter_card":"summary_large_image","twitter_misc":{"\u00c9crit par":"annsyo","Dur\u00e9e de lecture estim\u00e9e":"2 minutes"},"schema":{"@context":"https:\/\/schema.org","@graph":[{"@type":"Article","@id":"https:\/\/sunyouth.org\/fr\/rentree-scolaire-a-jeunesse-au-soleil\/#article","isPartOf":{"@id":"https:\/\/sunyouth.org\/fr\/rentree-scolaire-a-jeunesse-au-soleil\/"},"author":{"name":"annsyo","@id":"https:\/\/sunyouth.org\/#\/schema\/person\/b0259e8a83de4804e5f08b9602c8f043"},"headline":"Rentr\u00e9e scolaire \u00e0 Jeunesse au Soleil","datePublished":"2017-08-28T20:42:16+00:00","mainEntityOfPage":{"@id":"https:\/\/sunyouth.org\/fr\/rentree-scolaire-a-jeunesse-au-soleil\/"},"wordCount":448,"commentCount":0,"publisher":{"@id":"https:\/\/sunyouth.org\/#organization"},"image":{"@id":"https:\/\/sunyouth.org\/fr\/rentree-scolaire-a-jeunesse-au-soleil\/#primaryimage"},"thumbnailUrl":"https:\/\/sunyouth.org\/wp-content\/uploads\/2018\/10\/1H1A1551-9.jpg","articleSection":["Aide","Faire un don","Partenaires","Services"],"inLanguage":"fr-FR"},{"@type":"WebPage","@id":"https:\/\/sunyouth.org\/fr\/rentree-scolaire-a-jeunesse-au-soleil\/","url":"https:\/\/sunyouth.org\/fr\/rentree-scolaire-a-jeunesse-au-soleil\/","name":"Rentr\u00e9e scolaire \u00e0 Jeunesse au Soleil - Jeunesse au soleil","isPartOf":{"@id":"https:\/\/sunyouth.org\/#website"},"primaryImageOfPage":{"@id":"https:\/\/sunyouth.org\/fr\/rentree-scolaire-a-jeunesse-au-soleil\/#primaryimage"},"image":{"@id":"https:\/\/sunyouth.org\/fr\/rentree-scolaire-a-jeunesse-au-soleil\/#primaryimage"},"thumbnailUrl":"https:\/\/sunyouth.org\/wp-content\/uploads\/2018\/10\/1H1A1551-9.jpg","datePublished":"2017-08-28T20:42:16+00:00","breadcrumb":{"@id":"https:\/\/sunyouth.org\/fr\/rentree-scolaire-a-jeunesse-au-soleil\/#breadcrumb"},"inLanguage":"fr-FR","potentialAction":[{"@type":"ReadAction","target":["https:\/\/sunyouth.org\/fr\/rentree-scolaire-a-jeunesse-au-soleil\/"]}]},{"@type":"ImageObject","inLanguage":"fr-FR","@id":"https:\/\/sunyouth.org\/fr\/rentree-scolaire-a-jeunesse-au-soleil\/#primaryimage","url":"https:\/\/sunyouth.org\/wp-content\/uploads\/2018\/10\/1H1A1551-9.jpg","contentUrl":"https:\/\/sunyouth.org\/wp-content\/uploads\/2018\/10\/1H1A1551-9.jpg","width":5096,"height":3397},{"@type":"BreadcrumbList","@id":"https:\/\/sunyouth.org\/fr\/rentree-scolaire-a-jeunesse-au-soleil\/#breadcrumb","itemListElement":[{"@type":"ListItem","position":1,"name":"Home","item":"https:\/\/sunyouth.org\/fr\/"},{"@type":"ListItem","position":2,"name":"Rentr\u00e9e scolaire \u00e0 Jeunesse au Soleil"}]},{"@type":"WebSite","@id":"https:\/\/sunyouth.org\/#website","url":"https:\/\/sunyouth.org\/","name":"Jeunesse au soleil","description":"Dedicated since 1954!","publisher":{"@id":"https:\/\/sunyouth.org\/#organization"},"potentialAction":[{"@type":"SearchAction","target":{"@type":"EntryPoint","urlTemplate":"https:\/\/sunyouth.org\/?s={search_term_string}"},"query-input":{"@type":"PropertyValueSpecification","valueRequired":true,"valueName":"search_term_string"}}],"inLanguage":"fr-FR"},{"@type":"Organization","@id":"https:\/\/sunyouth.org\/#organization","name":"SUN YOUTH","url":"https:\/\/sunyouth.org\/","logo":{"@type":"ImageObject","inLanguage":"fr-FR","@id":"https:\/\/sunyouth.org\/#\/schema\/logo\/image\/","url":"https:\/\/sunyouth.org\/wp-content\/uploads\/2018\/11\/LOGO-SUNYOUTH.png","contentUrl":"https:\/\/sunyouth.org\/wp-content\/uploads\/2018\/11\/LOGO-SUNYOUTH.png","width":251,"height":251,"caption":"SUN YOUTH"},"image":{"@id":"https:\/\/sunyouth.org\/#\/schema\/logo\/image\/"}},{"@type":"Person","@id":"https:\/\/sunyouth.org\/#\/schema\/person\/b0259e8a83de4804e5f08b9602c8f043","name":"annsyo","image":{"@type":"ImageObject","inLanguage":"fr-FR","@id":"https:\/\/secure.gravatar.com\/avatar\/9dc6ddf66fff71d6342b53076fb04addad583bc7c948b68a1f8f367a3a0cfb23?s=96&d=mm&r=g","url":"https:\/\/secure.gravatar.com\/avatar\/9dc6ddf66fff71d6342b53076fb04addad583bc7c948b68a1f8f367a3a0cfb23?s=96&d=mm&r=g","contentUrl":"https:\/\/secure.gravatar.com\/avatar\/9dc6ddf66fff71d6342b53076fb04addad583bc7c948b68a1f8f367a3a0cfb23?s=96&d=mm&r=g","caption":"annsyo"}}]}},"menu_order":151,"_links":{"self":[{"href":"https:\/\/sunyouth.org\/fr\/wp-json\/wp\/v2\/posts\/152058","targetHints":{"allow":["GET"]}}],"collection":[{"href":"https:\/\/sunyouth.org\/fr\/wp-json\/wp\/v2\/posts"}],"about":[{"href":"https:\/\/sunyouth.org\/fr\/wp-json\/wp\/v2\/types\/post"}],"author":[{"embeddable":true,"href":"https:\/\/sunyouth.org\/fr\/wp-json\/wp\/v2\/users\/12"}],"replies":[{"embeddable":true,"href":"https:\/\/sunyouth.org\/fr\/wp-json\/wp\/v2\/comments?post=152058"}],"version-history":[{"count":0,"href":"https:\/\/sunyouth.org\/fr\/wp-json\/wp\/v2\/posts\/152058\/revisions"}],"wp:featuredmedia":[{"embeddable":true,"href":"https:\/\/sunyouth.org\/fr\/wp-json\/wp\/v2\/media\/152959"}],"wp:attachment":[{"href":"https:\/\/sunyouth.org\/fr\/wp-json\/wp\/v2\/media?parent=152058"}],"wp:term":[{"taxonomy":"category","embeddable":true,"href":"https:\/\/sunyouth.org\/fr\/wp-json\/wp\/v2\/categories?post=152058"},{"taxonomy":"post_tag","embeddable":true,"href":"https:\/\/sunyouth.org\/fr\/wp-json\/wp\/v2\/tags?post=152058"}],"curies":[{"name":"wp","href":"https:\/\/api.w.org\/{rel}","templated":true}]}}