{"id":152052,"date":"2017-08-15T20:43:05","date_gmt":"2017-08-15T20:43:05","guid":{"rendered":"https:\/\/sunyouth.org\/finale-estivale-de-la-ligue-federale-des-as\/"},"modified":"2017-08-15T20:43:05","modified_gmt":"2017-08-15T20:43:05","slug":"finale-estivale-de-la-ligue-federale-des-as","status":"publish","type":"post","link":"https:\/\/sunyouth.org\/fr\/finale-estivale-de-la-ligue-federale-des-as\/","title":{"rendered":"Finale estivale de la Ligue F\u00e9d\u00e9rale des As"},"content":{"rendered":"<p>Aidez notre banque alimentaire et profitez d&rsquo;une soir\u00e9e de hockey de haut calibre.<\/p>\n<p><img style=\"display: block; margin-left: auto; margin-right: auto;\" src=\"https:\/\/sunyouth.org\/wp-content\/uploads\/2018\/10\/LFA_aout_2017_facebook_event.jpg\" alt=\"LFA ao\u00fbt 2017_facebook event.jpg\" width=\"480\" height=\"716\" \/><\/p>\n<p style=\"text-align: justify;\">En r\u00e9pondant \u00e0 la question suivante, vous serez automatiquement redirig\u00e9s vers notre page de don. \u00c0 la section \u00ab\u00a0instructions sp\u00e9ciales\u00a0\u00bb de la page de don,\u00a0<strong>n&rsquo;oubliez pas de sp\u00e9cifier que votre don est pour la lev\u00e9e de fonds organis\u00e9e par la LFA<\/strong>.<\/p>\n<p style=\"text-align: justify;\">Parce que le la faim ne prend pas de vacances, contrairement au Hockey, venez assister \u00e0 la grande finale estivale de la LFA et contribuez \u00e0 notre banque alimentaire en assistant au premier championnat interdivision de la <strong><a title=\"LFA\" href=\"http:\/\/www.lfahockey.com\/\" target=\"_blank\" rel=\"noopener noreferrer\">Ligue F\u00e9d\u00e9rale des As .<\/a><\/strong> Opposant les champions de la division de la Rive-Sud aux champions de la division montr\u00e9alaise, la partie se d\u00e9roulera le <strong>27 ao\u00fbt prochain \u00e0 18h<\/strong> \u00e0 l&rsquo;<strong>ar\u00e9na du Coll\u00e8ge Notre-Dame, pr\u00e9c\u00e9d\u00e9e d&rsquo;un Tail-Gate Party \u00e0 compter de 17h<\/strong>. En r\u00e9servant vos billets au <a href=\"http:\/\/www.lfahockey.com\" target=\"_blank\" rel=\"noopener noreferrer\">www.lfahockey.com<\/a> ou en faisant un don en ligne, vous courrez la chance de remporter de nombreux prix, dont une\u00a0 excellente paire de billets dans la section or pour un match des Alouettes de Montr\u00e9al. Venez vivre la fi\u00e8vre des s\u00e9ries tout en supportant la collectivit\u00e9!<\/p>\n","protected":false},"excerpt":{"rendered":"<p>Aidez notre banque alimentaire et profitez d&rsquo;une soir\u00e9e de hockey de haut calibre. En r\u00e9pondant \u00e0 la question suivante, vous serez automatiquement&#8230;<\/p>\n","protected":false},"author":12,"featured_media":152951,"comment_status":"open","ping_status":"open","sticky":false,"template":"","format":"standard","meta":{"_acf_changed":false,"_monsterinsights_skip_tracking":false,"_monsterinsights_sitenote_active":false,"_monsterinsights_sitenote_note":"","_monsterinsights_sitenote_category":0,"footnotes":""},"categories":[554,553,546,558,572],"tags":[],"class_list":{"0":"post-152052","1":"post","2":"type-post","3":"status-publish","4":"format-standard","5":"has-post-thumbnail","7":"category-alimentation","8":"category-collectes-de-fonds","9":"category-evenements","10":"category-partenaires","11":"category-sports-fr"},"acf":[],"yoast_head":"<!-- This site is optimized with the Yoast SEO plugin v27.4 - https:\/\/yoast.com\/product\/yoast-seo-wordpress\/ -->\n<title>Finale estivale de la Ligue F\u00e9d\u00e9rale des As - Jeunesse au soleil<\/title>\n<meta name=\"robots\" content=\"index, follow, max-snippet:-1, max-image-preview:large, max-video-preview:-1\" \/>\n<link rel=\"canonical\" href=\"https:\/\/sunyouth.org\/fr\/finale-estivale-de-la-ligue-federale-des-as\/\" \/>\n<meta property=\"og:locale\" content=\"fr_FR\" \/>\n<meta property=\"og:type\" content=\"article\" \/>\n<meta property=\"og:title\" content=\"Finale estivale de la Ligue F\u00e9d\u00e9rale des As - Jeunesse au soleil\" \/>\n<meta property=\"og:description\" content=\"Aidez notre banque alimentaire et profitez d&rsquo;une soir\u00e9e de hockey de haut calibre. En r\u00e9pondant \u00e0 la question suivante, vous serez automatiquement...\" \/>\n<meta property=\"og:url\" content=\"https:\/\/sunyouth.org\/fr\/finale-estivale-de-la-ligue-federale-des-as\/\" \/>\n<meta property=\"og:site_name\" content=\"Jeunesse au soleil\" \/>\n<meta property=\"article:published_time\" content=\"2017-08-15T20:43:05+00:00\" \/>\n<meta property=\"og:image\" content=\"https:\/\/sunyouth.org\/wp-content\/uploads\/2018\/10\/LFA_aout_2017_facebook_event.jpg\" \/>\n\t<meta property=\"og:image:width\" content=\"864\" \/>\n\t<meta property=\"og:image:height\" content=\"1296\" \/>\n\t<meta property=\"og:image:type\" content=\"image\/jpeg\" \/>\n<meta name=\"author\" content=\"annsyo\" \/>\n<meta name=\"twitter:card\" content=\"summary_large_image\" \/>\n<meta name=\"twitter:label1\" content=\"\u00c9crit par\" \/>\n\t<meta name=\"twitter:data1\" content=\"annsyo\" \/>\n\t<meta name=\"twitter:label2\" content=\"Dur\u00e9e de lecture estim\u00e9e\" \/>\n\t<meta name=\"twitter:data2\" content=\"1 minute\" \/>\n<script type=\"application\/ld+json\" class=\"yoast-schema-graph\">{\"@context\":\"https:\\\/\\\/schema.org\",\"@graph\":[{\"@type\":\"Article\",\"@id\":\"https:\\\/\\\/sunyouth.org\\\/fr\\\/finale-estivale-de-la-ligue-federale-des-as\\\/#article\",\"isPartOf\":{\"@id\":\"https:\\\/\\\/sunyouth.org\\\/fr\\\/finale-estivale-de-la-ligue-federale-des-as\\\/\"},\"author\":{\"name\":\"annsyo\",\"@id\":\"https:\\\/\\\/sunyouth.org\\\/#\\\/schema\\\/person\\\/b0259e8a83de4804e5f08b9602c8f043\"},\"headline\":\"Finale estivale de la Ligue F\u00e9d\u00e9rale des As\",\"datePublished\":\"2017-08-15T20:43:05+00:00\",\"mainEntityOfPage\":{\"@id\":\"https:\\\/\\\/sunyouth.org\\\/fr\\\/finale-estivale-de-la-ligue-federale-des-as\\\/\"},\"wordCount\":209,\"commentCount\":0,\"publisher\":{\"@id\":\"https:\\\/\\\/sunyouth.org\\\/#organization\"},\"image\":{\"@id\":\"https:\\\/\\\/sunyouth.org\\\/fr\\\/finale-estivale-de-la-ligue-federale-des-as\\\/#primaryimage\"},\"thumbnailUrl\":\"https:\\\/\\\/sunyouth.org\\\/wp-content\\\/uploads\\\/2018\\\/10\\\/LFA_aout_2017_facebook_event.jpg\",\"articleSection\":[\"Alimentation\",\"Collectes de fonds\",\"\u00c9v\u00e9nements\",\"Partenaires\",\"Sports\"],\"inLanguage\":\"fr-FR\"},{\"@type\":\"WebPage\",\"@id\":\"https:\\\/\\\/sunyouth.org\\\/fr\\\/finale-estivale-de-la-ligue-federale-des-as\\\/\",\"url\":\"https:\\\/\\\/sunyouth.org\\\/fr\\\/finale-estivale-de-la-ligue-federale-des-as\\\/\",\"name\":\"Finale estivale de la Ligue F\u00e9d\u00e9rale des As - Jeunesse au soleil\",\"isPartOf\":{\"@id\":\"https:\\\/\\\/sunyouth.org\\\/#website\"},\"primaryImageOfPage\":{\"@id\":\"https:\\\/\\\/sunyouth.org\\\/fr\\\/finale-estivale-de-la-ligue-federale-des-as\\\/#primaryimage\"},\"image\":{\"@id\":\"https:\\\/\\\/sunyouth.org\\\/fr\\\/finale-estivale-de-la-ligue-federale-des-as\\\/#primaryimage\"},\"thumbnailUrl\":\"https:\\\/\\\/sunyouth.org\\\/wp-content\\\/uploads\\\/2018\\\/10\\\/LFA_aout_2017_facebook_event.jpg\",\"datePublished\":\"2017-08-15T20:43:05+00:00\",\"breadcrumb\":{\"@id\":\"https:\\\/\\\/sunyouth.org\\\/fr\\\/finale-estivale-de-la-ligue-federale-des-as\\\/#breadcrumb\"},\"inLanguage\":\"fr-FR\",\"potentialAction\":[{\"@type\":\"ReadAction\",\"target\":[\"https:\\\/\\\/sunyouth.org\\\/fr\\\/finale-estivale-de-la-ligue-federale-des-as\\\/\"]}]},{\"@type\":\"ImageObject\",\"inLanguage\":\"fr-FR\",\"@id\":\"https:\\\/\\\/sunyouth.org\\\/fr\\\/finale-estivale-de-la-ligue-federale-des-as\\\/#primaryimage\",\"url\":\"https:\\\/\\\/sunyouth.org\\\/wp-content\\\/uploads\\\/2018\\\/10\\\/LFA_aout_2017_facebook_event.jpg\",\"contentUrl\":\"https:\\\/\\\/sunyouth.org\\\/wp-content\\\/uploads\\\/2018\\\/10\\\/LFA_aout_2017_facebook_event.jpg\",\"width\":864,\"height\":1296},{\"@type\":\"BreadcrumbList\",\"@id\":\"https:\\\/\\\/sunyouth.org\\\/fr\\\/finale-estivale-de-la-ligue-federale-des-as\\\/#breadcrumb\",\"itemListElement\":[{\"@type\":\"ListItem\",\"position\":1,\"name\":\"Home\",\"item\":\"https:\\\/\\\/sunyouth.org\\\/fr\\\/\"},{\"@type\":\"ListItem\",\"position\":2,\"name\":\"Finale estivale de la Ligue F\u00e9d\u00e9rale des As\"}]},{\"@type\":\"WebSite\",\"@id\":\"https:\\\/\\\/sunyouth.org\\\/#website\",\"url\":\"https:\\\/\\\/sunyouth.org\\\/\",\"name\":\"Jeunesse au soleil\",\"description\":\"Dedicated since 1954!\",\"publisher\":{\"@id\":\"https:\\\/\\\/sunyouth.org\\\/#organization\"},\"potentialAction\":[{\"@type\":\"SearchAction\",\"target\":{\"@type\":\"EntryPoint\",\"urlTemplate\":\"https:\\\/\\\/sunyouth.org\\\/?s={search_term_string}\"},\"query-input\":{\"@type\":\"PropertyValueSpecification\",\"valueRequired\":true,\"valueName\":\"search_term_string\"}}],\"inLanguage\":\"fr-FR\"},{\"@type\":\"Organization\",\"@id\":\"https:\\\/\\\/sunyouth.org\\\/#organization\",\"name\":\"SUN YOUTH\",\"url\":\"https:\\\/\\\/sunyouth.org\\\/\",\"logo\":{\"@type\":\"ImageObject\",\"inLanguage\":\"fr-FR\",\"@id\":\"https:\\\/\\\/sunyouth.org\\\/#\\\/schema\\\/logo\\\/image\\\/\",\"url\":\"https:\\\/\\\/sunyouth.org\\\/wp-content\\\/uploads\\\/2018\\\/11\\\/LOGO-SUNYOUTH.png\",\"contentUrl\":\"https:\\\/\\\/sunyouth.org\\\/wp-content\\\/uploads\\\/2018\\\/11\\\/LOGO-SUNYOUTH.png\",\"width\":251,\"height\":251,\"caption\":\"SUN YOUTH\"},\"image\":{\"@id\":\"https:\\\/\\\/sunyouth.org\\\/#\\\/schema\\\/logo\\\/image\\\/\"}},{\"@type\":\"Person\",\"@id\":\"https:\\\/\\\/sunyouth.org\\\/#\\\/schema\\\/person\\\/b0259e8a83de4804e5f08b9602c8f043\",\"name\":\"annsyo\",\"image\":{\"@type\":\"ImageObject\",\"inLanguage\":\"fr-FR\",\"@id\":\"https:\\\/\\\/secure.gravatar.com\\\/avatar\\\/9dc6ddf66fff71d6342b53076fb04addad583bc7c948b68a1f8f367a3a0cfb23?s=96&d=mm&r=g\",\"url\":\"https:\\\/\\\/secure.gravatar.com\\\/avatar\\\/9dc6ddf66fff71d6342b53076fb04addad583bc7c948b68a1f8f367a3a0cfb23?s=96&d=mm&r=g\",\"contentUrl\":\"https:\\\/\\\/secure.gravatar.com\\\/avatar\\\/9dc6ddf66fff71d6342b53076fb04addad583bc7c948b68a1f8f367a3a0cfb23?s=96&d=mm&r=g\",\"caption\":\"annsyo\"}}]}<\/script>\n<!-- \/ Yoast SEO plugin. -->","yoast_head_json":{"title":"Finale estivale de la Ligue F\u00e9d\u00e9rale des As - Jeunesse au soleil","robots":{"index":"index","follow":"follow","max-snippet":"max-snippet:-1","max-image-preview":"max-image-preview:large","max-video-preview":"max-video-preview:-1"},"canonical":"https:\/\/sunyouth.org\/fr\/finale-estivale-de-la-ligue-federale-des-as\/","og_locale":"fr_FR","og_type":"article","og_title":"Finale estivale de la Ligue F\u00e9d\u00e9rale des As - Jeunesse au soleil","og_description":"Aidez notre banque alimentaire et profitez d&rsquo;une soir\u00e9e de hockey de haut calibre. En r\u00e9pondant \u00e0 la question suivante, vous serez automatiquement...","og_url":"https:\/\/sunyouth.org\/fr\/finale-estivale-de-la-ligue-federale-des-as\/","og_site_name":"Jeunesse au soleil","article_published_time":"2017-08-15T20:43:05+00:00","og_image":[{"width":864,"height":1296,"url":"https:\/\/sunyouth.org\/wp-content\/uploads\/2018\/10\/LFA_aout_2017_facebook_event.jpg","type":"image\/jpeg"}],"author":"annsyo","twitter_card":"summary_large_image","twitter_misc":{"\u00c9crit par":"annsyo","Dur\u00e9e de lecture estim\u00e9e":"1 minute"},"schema":{"@context":"https:\/\/schema.org","@graph":[{"@type":"Article","@id":"https:\/\/sunyouth.org\/fr\/finale-estivale-de-la-ligue-federale-des-as\/#article","isPartOf":{"@id":"https:\/\/sunyouth.org\/fr\/finale-estivale-de-la-ligue-federale-des-as\/"},"author":{"name":"annsyo","@id":"https:\/\/sunyouth.org\/#\/schema\/person\/b0259e8a83de4804e5f08b9602c8f043"},"headline":"Finale estivale de la Ligue F\u00e9d\u00e9rale des As","datePublished":"2017-08-15T20:43:05+00:00","mainEntityOfPage":{"@id":"https:\/\/sunyouth.org\/fr\/finale-estivale-de-la-ligue-federale-des-as\/"},"wordCount":209,"commentCount":0,"publisher":{"@id":"https:\/\/sunyouth.org\/#organization"},"image":{"@id":"https:\/\/sunyouth.org\/fr\/finale-estivale-de-la-ligue-federale-des-as\/#primaryimage"},"thumbnailUrl":"https:\/\/sunyouth.org\/wp-content\/uploads\/2018\/10\/LFA_aout_2017_facebook_event.jpg","articleSection":["Alimentation","Collectes de fonds","\u00c9v\u00e9nements","Partenaires","Sports"],"inLanguage":"fr-FR"},{"@type":"WebPage","@id":"https:\/\/sunyouth.org\/fr\/finale-estivale-de-la-ligue-federale-des-as\/","url":"https:\/\/sunyouth.org\/fr\/finale-estivale-de-la-ligue-federale-des-as\/","name":"Finale estivale de la Ligue F\u00e9d\u00e9rale des As - Jeunesse au soleil","isPartOf":{"@id":"https:\/\/sunyouth.org\/#website"},"primaryImageOfPage":{"@id":"https:\/\/sunyouth.org\/fr\/finale-estivale-de-la-ligue-federale-des-as\/#primaryimage"},"image":{"@id":"https:\/\/sunyouth.org\/fr\/finale-estivale-de-la-ligue-federale-des-as\/#primaryimage"},"thumbnailUrl":"https:\/\/sunyouth.org\/wp-content\/uploads\/2018\/10\/LFA_aout_2017_facebook_event.jpg","datePublished":"2017-08-15T20:43:05+00:00","breadcrumb":{"@id":"https:\/\/sunyouth.org\/fr\/finale-estivale-de-la-ligue-federale-des-as\/#breadcrumb"},"inLanguage":"fr-FR","potentialAction":[{"@type":"ReadAction","target":["https:\/\/sunyouth.org\/fr\/finale-estivale-de-la-ligue-federale-des-as\/"]}]},{"@type":"ImageObject","inLanguage":"fr-FR","@id":"https:\/\/sunyouth.org\/fr\/finale-estivale-de-la-ligue-federale-des-as\/#primaryimage","url":"https:\/\/sunyouth.org\/wp-content\/uploads\/2018\/10\/LFA_aout_2017_facebook_event.jpg","contentUrl":"https:\/\/sunyouth.org\/wp-content\/uploads\/2018\/10\/LFA_aout_2017_facebook_event.jpg","width":864,"height":1296},{"@type":"BreadcrumbList","@id":"https:\/\/sunyouth.org\/fr\/finale-estivale-de-la-ligue-federale-des-as\/#breadcrumb","itemListElement":[{"@type":"ListItem","position":1,"name":"Home","item":"https:\/\/sunyouth.org\/fr\/"},{"@type":"ListItem","position":2,"name":"Finale estivale de la Ligue F\u00e9d\u00e9rale des As"}]},{"@type":"WebSite","@id":"https:\/\/sunyouth.org\/#website","url":"https:\/\/sunyouth.org\/","name":"Jeunesse au soleil","description":"Dedicated since 1954!","publisher":{"@id":"https:\/\/sunyouth.org\/#organization"},"potentialAction":[{"@type":"SearchAction","target":{"@type":"EntryPoint","urlTemplate":"https:\/\/sunyouth.org\/?s={search_term_string}"},"query-input":{"@type":"PropertyValueSpecification","valueRequired":true,"valueName":"search_term_string"}}],"inLanguage":"fr-FR"},{"@type":"Organization","@id":"https:\/\/sunyouth.org\/#organization","name":"SUN YOUTH","url":"https:\/\/sunyouth.org\/","logo":{"@type":"ImageObject","inLanguage":"fr-FR","@id":"https:\/\/sunyouth.org\/#\/schema\/logo\/image\/","url":"https:\/\/sunyouth.org\/wp-content\/uploads\/2018\/11\/LOGO-SUNYOUTH.png","contentUrl":"https:\/\/sunyouth.org\/wp-content\/uploads\/2018\/11\/LOGO-SUNYOUTH.png","width":251,"height":251,"caption":"SUN YOUTH"},"image":{"@id":"https:\/\/sunyouth.org\/#\/schema\/logo\/image\/"}},{"@type":"Person","@id":"https:\/\/sunyouth.org\/#\/schema\/person\/b0259e8a83de4804e5f08b9602c8f043","name":"annsyo","image":{"@type":"ImageObject","inLanguage":"fr-FR","@id":"https:\/\/secure.gravatar.com\/avatar\/9dc6ddf66fff71d6342b53076fb04addad583bc7c948b68a1f8f367a3a0cfb23?s=96&d=mm&r=g","url":"https:\/\/secure.gravatar.com\/avatar\/9dc6ddf66fff71d6342b53076fb04addad583bc7c948b68a1f8f367a3a0cfb23?s=96&d=mm&r=g","contentUrl":"https:\/\/secure.gravatar.com\/avatar\/9dc6ddf66fff71d6342b53076fb04addad583bc7c948b68a1f8f367a3a0cfb23?s=96&d=mm&r=g","caption":"annsyo"}}]}},"menu_order":154,"_links":{"self":[{"href":"https:\/\/sunyouth.org\/fr\/wp-json\/wp\/v2\/posts\/152052","targetHints":{"allow":["GET"]}}],"collection":[{"href":"https:\/\/sunyouth.org\/fr\/wp-json\/wp\/v2\/posts"}],"about":[{"href":"https:\/\/sunyouth.org\/fr\/wp-json\/wp\/v2\/types\/post"}],"author":[{"embeddable":true,"href":"https:\/\/sunyouth.org\/fr\/wp-json\/wp\/v2\/users\/12"}],"replies":[{"embeddable":true,"href":"https:\/\/sunyouth.org\/fr\/wp-json\/wp\/v2\/comments?post=152052"}],"version-history":[{"count":0,"href":"https:\/\/sunyouth.org\/fr\/wp-json\/wp\/v2\/posts\/152052\/revisions"}],"wp:featuredmedia":[{"embeddable":true,"href":"https:\/\/sunyouth.org\/fr\/wp-json\/wp\/v2\/media\/152951"}],"wp:attachment":[{"href":"https:\/\/sunyouth.org\/fr\/wp-json\/wp\/v2\/media?parent=152052"}],"wp:term":[{"taxonomy":"category","embeddable":true,"href":"https:\/\/sunyouth.org\/fr\/wp-json\/wp\/v2\/categories?post=152052"},{"taxonomy":"post_tag","embeddable":true,"href":"https:\/\/sunyouth.org\/fr\/wp-json\/wp\/v2\/tags?post=152052"}],"curies":[{"name":"wp","href":"https:\/\/api.w.org\/{rel}","templated":true}]}}