{"id":151968,"date":"2017-01-31T19:40:07","date_gmt":"2017-01-31T19:40:07","guid":{"rendered":"https:\/\/sunyouth.org\/commencer-lannee-du-bon-pied\/"},"modified":"2017-01-31T19:40:07","modified_gmt":"2017-01-31T19:40:07","slug":"commencer-lannee-du-bon-pied","status":"publish","type":"post","link":"https:\/\/sunyouth.org\/fr\/commencer-lannee-du-bon-pied\/","title":{"rendered":"Commencer l\u2019ann\u00e9e du bon pied!"},"content":{"rendered":"<p>L\u2019ann\u00e9e 2017 a d\u00e9but\u00e9 par un \u00e9lan de g\u00e9n\u00e9rosit\u00e9 envers les b\u00e9n\u00e9voles de Jeunesse au Soleil.<\/p>\n<p style=\"text-align: justify;\">L\u2019ann\u00e9e 2017 a d\u00e9but\u00e9 par un \u00e9lan de g\u00e9n\u00e9rosit\u00e9 envers les b\u00e9n\u00e9voles de Jeunesse au Soleil. En effet, ils sont plus de 1 500 \u00e0 pr\u00eater main forte au personnel afin d\u2019aider les plus d\u00e9munis tout au long de l\u2019ann\u00e9e, et c\u2019\u00e9tait \u00e0 leur tour de se faire g\u00e2ter.<\/p>\n<p style=\"text-align: justify;\">Afin de souligner ce d\u00e9vouement, le populaire restaurant <strong><a title=\"L'Avenue\" href=\"http:\/\/restaurantlavenue.ca\/\" target=\"_blank\" rel=\"noopener noreferrer\">L\u2019Avenue,<\/a><\/strong> qui a vu le jour en 1994, a sp\u00e9cialement\u00a0 ouvert\u00a0 ses portes le 1er janvier pour accueillir et remercier \u00a0250 b\u00e9n\u00e9voles, familles et membres de l\u2019\u00e9quipe de Jeunesse au Soleil. En effet, les employ\u00e9s de l\u2019\u00e9tablissement, situ\u00e9 sur le Plateau Mont-Royal, ont donn\u00e9 b\u00e9n\u00e9volement de leur temps pour saluer les efforts de ces h\u00e9ros de l\u2019ombre en leur offrant un repas gratuit pour la nouvelle ann\u00e9e. \u00ab<strong><em>Jeunesse au Soleil\u00a0est tr\u00e8s heureuse de pouvoir remercier ses b\u00e9n\u00e9voles pour leur bon travail effectu\u00e9 dans le temps des F\u00eates et permettre aux familles dans le besoin de d\u00e9buter l&rsquo;ann\u00e9e du bon pied<\/em><\/strong>\u00bb, explique <strong>Lisa Perreault<\/strong>, coordonnatrice des b\u00e9n\u00e9voles chez Jeunesse au Soleil.<\/p>\n<p style=\"text-align: justify;\">Depuis maintenant trois ans, <strong>L\u2019Avenue<\/strong> s\u2019engage dans la communaut\u00e9. En effet, le 24 d\u00e9cembre 2014, le restaurant avait offert le repas \u00e0 tous ses clients. L\u2019ann\u00e9e suivante, c\u2019\u00e9tait un don de 6000$ qui avait \u00e9t\u00e9 remis \u00e0 une \u00e9cole d\u00e9favoris\u00e9e du quartier. Cette ann\u00e9e, le propri\u00e9taire de L\u2019Avenue, <strong>Milton Safos<\/strong>, explique qu\u2019il a voulu accorder une pens\u00e9e particuli\u00e8re \u00e0 notre \u00e9quipe : \u00ab<strong><em>nous sommes tr\u00e8s heureux de pouvoir r\u00e9chauffer le c\u0153ur des b\u00e9n\u00e9voles et des familles dans le besoin\u00a0en ce d\u00e9but d&rsquo;ann\u00e9e. C&rsquo;est important pour nous de redonner \u00e0 la communaut\u00e9<\/em><\/strong>\u00bb. En plus de ces excellents repas, les employ\u00e9s du restaurant ont offert des jouets neufs pour les enfants d\u00e9favoris\u00e9s dans le cadre de la campagne du temps des F\u00eates de Jeunesse au Soleil.<\/p>\n<p style=\"text-align: justify;\">Nous tenons \u00e0 remercier toute l\u2019\u00e9quipe du restaurant <strong>L\u2019Avenue<\/strong> pour cette belle attention \u00e0 notre \u00e9gard ainsi que pour son engagement aupr\u00e8s de la communaut\u00e9. Nous sommes toujours fiers de voir se d\u00e9velopper une belle solidarit\u00e9 entre voisins du Plateau. Nous d\u00e9sirons sp\u00e9cialement remercier M. Milton Safos pour cet \u00e9lan de g\u00e9n\u00e9rosit\u00e9 qui deviendra une importante tradition pour L\u2019Avenue. Gr\u00e2ce \u00e0 vous, nous avons commenc\u00e9 l\u2019ann\u00e9e du bon pied!<\/p>\n<p><img style=\"display: block; margin-left: auto; margin-right: auto;\" src=\"https:\/\/sunyouth.org\/wp-content\/uploads\/2018\/10\/https:\/\/sunyouth.org\/wp-content\/uploads\/2018\/10\/{CCM:FID_1354}.jpg.jpg\" alt=\"L'AVENUE_1.jpg\" width=\"700\" height=\"467\" \/><\/p>\n<p style=\"text-align: center;\"><em>Milton Safos, propri\u00e9taire de L\u2019Avenue, accompagn\u00e9 par Lisa Perreault de Jeunesse au Soleil.<\/em><br \/>\n<em>\u00a0Cr\u00e9dit Photo: Patricia Brochu<\/em><\/p>\n","protected":false},"excerpt":{"rendered":"<p>L\u2019ann\u00e9e 2017 a d\u00e9but\u00e9 par un \u00e9lan de g\u00e9n\u00e9rosit\u00e9 envers les b\u00e9n\u00e9voles de Jeunesse au Soleil. L\u2019ann\u00e9e 2017 a d\u00e9but\u00e9 par un&#8230;<\/p>\n","protected":false},"author":12,"featured_media":0,"comment_status":"open","ping_status":"open","sticky":false,"template":"","format":"standard","meta":{"_acf_changed":false,"_monsterinsights_skip_tracking":false,"_monsterinsights_sitenote_active":false,"_monsterinsights_sitenote_note":"","_monsterinsights_sitenote_category":0,"footnotes":""},"categories":[270],"tags":[],"class_list":{"0":"post-151968","1":"post","2":"type-post","3":"status-publish","4":"format-standard","6":"category-uncategorized"},"acf":[],"yoast_head":"<!-- This site is optimized with the Yoast SEO plugin v27.4 - https:\/\/yoast.com\/product\/yoast-seo-wordpress\/ -->\n<title>Commencer l\u2019ann\u00e9e du bon pied! - Jeunesse au soleil<\/title>\n<meta name=\"robots\" content=\"index, follow, max-snippet:-1, max-image-preview:large, max-video-preview:-1\" \/>\n<link rel=\"canonical\" href=\"https:\/\/sunyouth.org\/fr\/commencer-lannee-du-bon-pied\/\" \/>\n<meta property=\"og:locale\" content=\"fr_FR\" \/>\n<meta property=\"og:type\" content=\"article\" \/>\n<meta property=\"og:title\" content=\"Commencer l\u2019ann\u00e9e du bon pied! - Jeunesse au soleil\" \/>\n<meta property=\"og:description\" content=\"L\u2019ann\u00e9e 2017 a d\u00e9but\u00e9 par un \u00e9lan de g\u00e9n\u00e9rosit\u00e9 envers les b\u00e9n\u00e9voles de Jeunesse au Soleil. L\u2019ann\u00e9e 2017 a d\u00e9but\u00e9 par un...\" \/>\n<meta property=\"og:url\" content=\"https:\/\/sunyouth.org\/fr\/commencer-lannee-du-bon-pied\/\" \/>\n<meta property=\"og:site_name\" content=\"Jeunesse au soleil\" \/>\n<meta property=\"article:published_time\" content=\"2017-01-31T19:40:07+00:00\" \/>\n<meta property=\"og:image\" content=\"https:\/\/sunyouth.org\/wp-content\/uploads\/2018\/10\/https:\/\/sunyouth.org\/wp-content\/uploads\/2018\/10\/CCM:FID_1354.jpg.jpg\" \/>\n<meta name=\"author\" content=\"annsyo\" \/>\n<meta name=\"twitter:card\" content=\"summary_large_image\" \/>\n<meta name=\"twitter:label1\" content=\"\u00c9crit par\" \/>\n\t<meta name=\"twitter:data1\" content=\"annsyo\" \/>\n\t<meta name=\"twitter:label2\" content=\"Dur\u00e9e de lecture estim\u00e9e\" \/>\n\t<meta name=\"twitter:data2\" content=\"2 minutes\" \/>\n<script type=\"application\/ld+json\" class=\"yoast-schema-graph\">{\"@context\":\"https:\\\/\\\/schema.org\",\"@graph\":[{\"@type\":\"Article\",\"@id\":\"https:\\\/\\\/sunyouth.org\\\/fr\\\/commencer-lannee-du-bon-pied\\\/#article\",\"isPartOf\":{\"@id\":\"https:\\\/\\\/sunyouth.org\\\/fr\\\/commencer-lannee-du-bon-pied\\\/\"},\"author\":{\"name\":\"annsyo\",\"@id\":\"https:\\\/\\\/sunyouth.org\\\/#\\\/schema\\\/person\\\/b0259e8a83de4804e5f08b9602c8f043\"},\"headline\":\"Commencer l\u2019ann\u00e9e du bon pied!\",\"datePublished\":\"2017-01-31T19:40:07+00:00\",\"mainEntityOfPage\":{\"@id\":\"https:\\\/\\\/sunyouth.org\\\/fr\\\/commencer-lannee-du-bon-pied\\\/\"},\"wordCount\":465,\"commentCount\":0,\"publisher\":{\"@id\":\"https:\\\/\\\/sunyouth.org\\\/#organization\"},\"image\":{\"@id\":\"https:\\\/\\\/sunyouth.org\\\/fr\\\/commencer-lannee-du-bon-pied\\\/#primaryimage\"},\"thumbnailUrl\":\"https:\\\/\\\/sunyouth.org\\\/wp-content\\\/uploads\\\/2018\\\/10\\\/https:\\\/\\\/sunyouth.org\\\/wp-content\\\/uploads\\\/2018\\\/10\\\/{CCM:FID_1354}.jpg.jpg\",\"articleSection\":[\"Uncategorized\"],\"inLanguage\":\"fr-FR\"},{\"@type\":\"WebPage\",\"@id\":\"https:\\\/\\\/sunyouth.org\\\/fr\\\/commencer-lannee-du-bon-pied\\\/\",\"url\":\"https:\\\/\\\/sunyouth.org\\\/fr\\\/commencer-lannee-du-bon-pied\\\/\",\"name\":\"Commencer l\u2019ann\u00e9e du bon pied! - Jeunesse au soleil\",\"isPartOf\":{\"@id\":\"https:\\\/\\\/sunyouth.org\\\/#website\"},\"primaryImageOfPage\":{\"@id\":\"https:\\\/\\\/sunyouth.org\\\/fr\\\/commencer-lannee-du-bon-pied\\\/#primaryimage\"},\"image\":{\"@id\":\"https:\\\/\\\/sunyouth.org\\\/fr\\\/commencer-lannee-du-bon-pied\\\/#primaryimage\"},\"thumbnailUrl\":\"https:\\\/\\\/sunyouth.org\\\/wp-content\\\/uploads\\\/2018\\\/10\\\/https:\\\/\\\/sunyouth.org\\\/wp-content\\\/uploads\\\/2018\\\/10\\\/{CCM:FID_1354}.jpg.jpg\",\"datePublished\":\"2017-01-31T19:40:07+00:00\",\"breadcrumb\":{\"@id\":\"https:\\\/\\\/sunyouth.org\\\/fr\\\/commencer-lannee-du-bon-pied\\\/#breadcrumb\"},\"inLanguage\":\"fr-FR\",\"potentialAction\":[{\"@type\":\"ReadAction\",\"target\":[\"https:\\\/\\\/sunyouth.org\\\/fr\\\/commencer-lannee-du-bon-pied\\\/\"]}]},{\"@type\":\"ImageObject\",\"inLanguage\":\"fr-FR\",\"@id\":\"https:\\\/\\\/sunyouth.org\\\/fr\\\/commencer-lannee-du-bon-pied\\\/#primaryimage\",\"url\":\"https:\\\/\\\/sunyouth.org\\\/wp-content\\\/uploads\\\/2018\\\/10\\\/https:\\\/\\\/sunyouth.org\\\/wp-content\\\/uploads\\\/2018\\\/10\\\/{CCM:FID_1354}.jpg.jpg\",\"contentUrl\":\"https:\\\/\\\/sunyouth.org\\\/wp-content\\\/uploads\\\/2018\\\/10\\\/https:\\\/\\\/sunyouth.org\\\/wp-content\\\/uploads\\\/2018\\\/10\\\/{CCM:FID_1354}.jpg.jpg\"},{\"@type\":\"BreadcrumbList\",\"@id\":\"https:\\\/\\\/sunyouth.org\\\/fr\\\/commencer-lannee-du-bon-pied\\\/#breadcrumb\",\"itemListElement\":[{\"@type\":\"ListItem\",\"position\":1,\"name\":\"Home\",\"item\":\"https:\\\/\\\/sunyouth.org\\\/fr\\\/\"},{\"@type\":\"ListItem\",\"position\":2,\"name\":\"Commencer l\u2019ann\u00e9e du bon pied!\"}]},{\"@type\":\"WebSite\",\"@id\":\"https:\\\/\\\/sunyouth.org\\\/#website\",\"url\":\"https:\\\/\\\/sunyouth.org\\\/\",\"name\":\"Jeunesse au soleil\",\"description\":\"Dedicated since 1954!\",\"publisher\":{\"@id\":\"https:\\\/\\\/sunyouth.org\\\/#organization\"},\"potentialAction\":[{\"@type\":\"SearchAction\",\"target\":{\"@type\":\"EntryPoint\",\"urlTemplate\":\"https:\\\/\\\/sunyouth.org\\\/?s={search_term_string}\"},\"query-input\":{\"@type\":\"PropertyValueSpecification\",\"valueRequired\":true,\"valueName\":\"search_term_string\"}}],\"inLanguage\":\"fr-FR\"},{\"@type\":\"Organization\",\"@id\":\"https:\\\/\\\/sunyouth.org\\\/#organization\",\"name\":\"SUN YOUTH\",\"url\":\"https:\\\/\\\/sunyouth.org\\\/\",\"logo\":{\"@type\":\"ImageObject\",\"inLanguage\":\"fr-FR\",\"@id\":\"https:\\\/\\\/sunyouth.org\\\/#\\\/schema\\\/logo\\\/image\\\/\",\"url\":\"https:\\\/\\\/sunyouth.org\\\/wp-content\\\/uploads\\\/2018\\\/11\\\/LOGO-SUNYOUTH.png\",\"contentUrl\":\"https:\\\/\\\/sunyouth.org\\\/wp-content\\\/uploads\\\/2018\\\/11\\\/LOGO-SUNYOUTH.png\",\"width\":251,\"height\":251,\"caption\":\"SUN YOUTH\"},\"image\":{\"@id\":\"https:\\\/\\\/sunyouth.org\\\/#\\\/schema\\\/logo\\\/image\\\/\"}},{\"@type\":\"Person\",\"@id\":\"https:\\\/\\\/sunyouth.org\\\/#\\\/schema\\\/person\\\/b0259e8a83de4804e5f08b9602c8f043\",\"name\":\"annsyo\",\"image\":{\"@type\":\"ImageObject\",\"inLanguage\":\"fr-FR\",\"@id\":\"https:\\\/\\\/secure.gravatar.com\\\/avatar\\\/9dc6ddf66fff71d6342b53076fb04addad583bc7c948b68a1f8f367a3a0cfb23?s=96&d=mm&r=g\",\"url\":\"https:\\\/\\\/secure.gravatar.com\\\/avatar\\\/9dc6ddf66fff71d6342b53076fb04addad583bc7c948b68a1f8f367a3a0cfb23?s=96&d=mm&r=g\",\"contentUrl\":\"https:\\\/\\\/secure.gravatar.com\\\/avatar\\\/9dc6ddf66fff71d6342b53076fb04addad583bc7c948b68a1f8f367a3a0cfb23?s=96&d=mm&r=g\",\"caption\":\"annsyo\"}}]}<\/script>\n<!-- \/ Yoast SEO plugin. -->","yoast_head_json":{"title":"Commencer l\u2019ann\u00e9e du bon pied! - Jeunesse au soleil","robots":{"index":"index","follow":"follow","max-snippet":"max-snippet:-1","max-image-preview":"max-image-preview:large","max-video-preview":"max-video-preview:-1"},"canonical":"https:\/\/sunyouth.org\/fr\/commencer-lannee-du-bon-pied\/","og_locale":"fr_FR","og_type":"article","og_title":"Commencer l\u2019ann\u00e9e du bon pied! - Jeunesse au soleil","og_description":"L\u2019ann\u00e9e 2017 a d\u00e9but\u00e9 par un \u00e9lan de g\u00e9n\u00e9rosit\u00e9 envers les b\u00e9n\u00e9voles de Jeunesse au Soleil. L\u2019ann\u00e9e 2017 a d\u00e9but\u00e9 par un...","og_url":"https:\/\/sunyouth.org\/fr\/commencer-lannee-du-bon-pied\/","og_site_name":"Jeunesse au soleil","article_published_time":"2017-01-31T19:40:07+00:00","og_image":[{"url":"https:\/\/sunyouth.org\/wp-content\/uploads\/2018\/10\/https:\/\/sunyouth.org\/wp-content\/uploads\/2018\/10\/{CCM:FID_1354}.jpg.jpg","type":"","width":"","height":""}],"author":"annsyo","twitter_card":"summary_large_image","twitter_misc":{"\u00c9crit par":"annsyo","Dur\u00e9e de lecture estim\u00e9e":"2 minutes"},"schema":{"@context":"https:\/\/schema.org","@graph":[{"@type":"Article","@id":"https:\/\/sunyouth.org\/fr\/commencer-lannee-du-bon-pied\/#article","isPartOf":{"@id":"https:\/\/sunyouth.org\/fr\/commencer-lannee-du-bon-pied\/"},"author":{"name":"annsyo","@id":"https:\/\/sunyouth.org\/#\/schema\/person\/b0259e8a83de4804e5f08b9602c8f043"},"headline":"Commencer l\u2019ann\u00e9e du bon pied!","datePublished":"2017-01-31T19:40:07+00:00","mainEntityOfPage":{"@id":"https:\/\/sunyouth.org\/fr\/commencer-lannee-du-bon-pied\/"},"wordCount":465,"commentCount":0,"publisher":{"@id":"https:\/\/sunyouth.org\/#organization"},"image":{"@id":"https:\/\/sunyouth.org\/fr\/commencer-lannee-du-bon-pied\/#primaryimage"},"thumbnailUrl":"https:\/\/sunyouth.org\/wp-content\/uploads\/2018\/10\/https:\/\/sunyouth.org\/wp-content\/uploads\/2018\/10\/{CCM:FID_1354}.jpg.jpg","articleSection":["Uncategorized"],"inLanguage":"fr-FR"},{"@type":"WebPage","@id":"https:\/\/sunyouth.org\/fr\/commencer-lannee-du-bon-pied\/","url":"https:\/\/sunyouth.org\/fr\/commencer-lannee-du-bon-pied\/","name":"Commencer l\u2019ann\u00e9e du bon pied! - Jeunesse au soleil","isPartOf":{"@id":"https:\/\/sunyouth.org\/#website"},"primaryImageOfPage":{"@id":"https:\/\/sunyouth.org\/fr\/commencer-lannee-du-bon-pied\/#primaryimage"},"image":{"@id":"https:\/\/sunyouth.org\/fr\/commencer-lannee-du-bon-pied\/#primaryimage"},"thumbnailUrl":"https:\/\/sunyouth.org\/wp-content\/uploads\/2018\/10\/https:\/\/sunyouth.org\/wp-content\/uploads\/2018\/10\/{CCM:FID_1354}.jpg.jpg","datePublished":"2017-01-31T19:40:07+00:00","breadcrumb":{"@id":"https:\/\/sunyouth.org\/fr\/commencer-lannee-du-bon-pied\/#breadcrumb"},"inLanguage":"fr-FR","potentialAction":[{"@type":"ReadAction","target":["https:\/\/sunyouth.org\/fr\/commencer-lannee-du-bon-pied\/"]}]},{"@type":"ImageObject","inLanguage":"fr-FR","@id":"https:\/\/sunyouth.org\/fr\/commencer-lannee-du-bon-pied\/#primaryimage","url":"https:\/\/sunyouth.org\/wp-content\/uploads\/2018\/10\/https:\/\/sunyouth.org\/wp-content\/uploads\/2018\/10\/{CCM:FID_1354}.jpg.jpg","contentUrl":"https:\/\/sunyouth.org\/wp-content\/uploads\/2018\/10\/https:\/\/sunyouth.org\/wp-content\/uploads\/2018\/10\/{CCM:FID_1354}.jpg.jpg"},{"@type":"BreadcrumbList","@id":"https:\/\/sunyouth.org\/fr\/commencer-lannee-du-bon-pied\/#breadcrumb","itemListElement":[{"@type":"ListItem","position":1,"name":"Home","item":"https:\/\/sunyouth.org\/fr\/"},{"@type":"ListItem","position":2,"name":"Commencer l\u2019ann\u00e9e du bon pied!"}]},{"@type":"WebSite","@id":"https:\/\/sunyouth.org\/#website","url":"https:\/\/sunyouth.org\/","name":"Jeunesse au soleil","description":"Dedicated since 1954!","publisher":{"@id":"https:\/\/sunyouth.org\/#organization"},"potentialAction":[{"@type":"SearchAction","target":{"@type":"EntryPoint","urlTemplate":"https:\/\/sunyouth.org\/?s={search_term_string}"},"query-input":{"@type":"PropertyValueSpecification","valueRequired":true,"valueName":"search_term_string"}}],"inLanguage":"fr-FR"},{"@type":"Organization","@id":"https:\/\/sunyouth.org\/#organization","name":"SUN YOUTH","url":"https:\/\/sunyouth.org\/","logo":{"@type":"ImageObject","inLanguage":"fr-FR","@id":"https:\/\/sunyouth.org\/#\/schema\/logo\/image\/","url":"https:\/\/sunyouth.org\/wp-content\/uploads\/2018\/11\/LOGO-SUNYOUTH.png","contentUrl":"https:\/\/sunyouth.org\/wp-content\/uploads\/2018\/11\/LOGO-SUNYOUTH.png","width":251,"height":251,"caption":"SUN YOUTH"},"image":{"@id":"https:\/\/sunyouth.org\/#\/schema\/logo\/image\/"}},{"@type":"Person","@id":"https:\/\/sunyouth.org\/#\/schema\/person\/b0259e8a83de4804e5f08b9602c8f043","name":"annsyo","image":{"@type":"ImageObject","inLanguage":"fr-FR","@id":"https:\/\/secure.gravatar.com\/avatar\/9dc6ddf66fff71d6342b53076fb04addad583bc7c948b68a1f8f367a3a0cfb23?s=96&d=mm&r=g","url":"https:\/\/secure.gravatar.com\/avatar\/9dc6ddf66fff71d6342b53076fb04addad583bc7c948b68a1f8f367a3a0cfb23?s=96&d=mm&r=g","contentUrl":"https:\/\/secure.gravatar.com\/avatar\/9dc6ddf66fff71d6342b53076fb04addad583bc7c948b68a1f8f367a3a0cfb23?s=96&d=mm&r=g","caption":"annsyo"}}]}},"menu_order":201,"_links":{"self":[{"href":"https:\/\/sunyouth.org\/fr\/wp-json\/wp\/v2\/posts\/151968","targetHints":{"allow":["GET"]}}],"collection":[{"href":"https:\/\/sunyouth.org\/fr\/wp-json\/wp\/v2\/posts"}],"about":[{"href":"https:\/\/sunyouth.org\/fr\/wp-json\/wp\/v2\/types\/post"}],"author":[{"embeddable":true,"href":"https:\/\/sunyouth.org\/fr\/wp-json\/wp\/v2\/users\/12"}],"replies":[{"embeddable":true,"href":"https:\/\/sunyouth.org\/fr\/wp-json\/wp\/v2\/comments?post=151968"}],"version-history":[{"count":0,"href":"https:\/\/sunyouth.org\/fr\/wp-json\/wp\/v2\/posts\/151968\/revisions"}],"wp:attachment":[{"href":"https:\/\/sunyouth.org\/fr\/wp-json\/wp\/v2\/media?parent=151968"}],"wp:term":[{"taxonomy":"category","embeddable":true,"href":"https:\/\/sunyouth.org\/fr\/wp-json\/wp\/v2\/categories?post=151968"},{"taxonomy":"post_tag","embeddable":true,"href":"https:\/\/sunyouth.org\/fr\/wp-json\/wp\/v2\/tags?post=151968"}],"curies":[{"name":"wp","href":"https:\/\/api.w.org\/{rel}","templated":true}]}}