{"id":151876,"date":"2016-05-04T11:17:32","date_gmt":"2016-05-04T11:17:32","guid":{"rendered":"https:\/\/sunyouth.org\/en-harmonie-4-kids-haut-en-couleurs\/"},"modified":"2016-05-04T11:17:32","modified_gmt":"2016-05-04T11:17:32","slug":"en-harmonie-4-kids-haut-en-couleurs","status":"publish","type":"post","link":"https:\/\/sunyouth.org\/fr\/en-harmonie-4-kids-haut-en-couleurs\/","title":{"rendered":"En Harmonie 4 Kids: haut en couleurs!"},"content":{"rendered":"<p>Le 16 avril dernier, l\u2019\u00c9glise Unie Mountainside a tenu son concert b\u00e9n\u00e9fice au profit de Jeunesse au Soleil.<\/p>\n<p style=\"text-align: justify;\">Pour une cinqui\u00e8me ann\u00e9e cons\u00e9cutive, l\u2019\u00c9glise Unie Mountainside de Westmount tenait, le samedi, 16 avril dernier, son concert b\u00e9n\u00e9fice \u00ab\u00a0En Harmonie 4 Kids\u00a0\u00bb visant \u00e0 amasser des fonds pour les programmes de Jeunesse au Soleil destin\u00e9s aux enfants. Tous unis pour venir en aide aux enfants dans le besoin, adultes et jeunes y ont fait montre de leur talent en pr\u00e9sentant un programme musical et choral vari\u00e9.<\/p>\n<p style=\"text-align: justify;\">Diff\u00e9rents ensembles provenant des quatre coins de la ville ont partag\u00e9 la sc\u00e8ne cette ann\u00e9e et livr\u00e9 toute une performance dont le <strong>Ch\u0153ur de l\u2019\u00c9glise Unie Mountainside, la Chorale junior de la Commission scolaire English-Montr\u00e9al, le<em> Montreal Chinese Children&rsquo;s Choir<\/em>, le petit Choeur de Rosem\u00e8re, le Choeur interculturel de Montr\u00e9al, la Chorale junior du choeur des enfants de Montr\u00e9al, la Chorale des enfants de la Rive-Sud, l\u2019Ensemble Con Brio de l\u2019\u00e9cole FACE et la Chorale d\u2019enfants du Conservatoire McGill<\/strong>. Chacun de ces ensembles, par son r\u00e9pertoire unique, a su captiver l\u2019auditoire tout au long de ce spectacle de deux heures marqu\u00e9 par de moments forts comme la prestation du Ch\u0153ur de l\u2019\u00c9glise Unie Mountainside, dirig\u00e9 par Margaret De Castro, et celle de l\u2019Ensemble Con Brio de l\u2019\u00e9cole FACE qui a non seulement d\u00e9montr\u00e9 tout son talent gr\u00e2ce \u00e0 la ma\u00eetrise de ses instruments mais aussi insuffl\u00e9 un nouveau rythme \u00e0 cette soir\u00e9e musicale.<\/p>\n<p style=\"text-align: justify;\">Le concert b\u00e9n\u00e9fice a remport\u00e9 un immense succ\u00e8s et a permis de r\u00e9aliser des <strong>profits de plus de 8\u00a0000 $<\/strong>! Les fonds ainsi recueillis serviront \u00e0 aider les familles r\u00e9f\u00e9r\u00e9es par les Centres jeunesse, ainsi qu&rsquo;\u00e0 financer le <a href=\"\/fr\/services\/prevention-du-crime\/agents-d-intervention-en-milieu-scolaire\/\">Programme de pr\u00e9vention de l\u2019intimidation et de r\u00e9solution de conflits<\/a> dans les \u00e9coles. Depuis 14 ans d\u00e9j\u00e0, ce programme fournit aux \u00e9coles une ressource suppl\u00e9mentaire, que l\u2019on appelle un \u00ab\u00a0mentor social\u00a0\u00bb. Ce dernier travaille de concert avec le personnel de l\u2019\u00e9cole, mettant en pratique ses comp\u00e9tences afin de favoriser des relations positives entre les \u00e9l\u00e8ves, d\u2019offrir des conseils et d\u2019\u00e9laborer des programmes parascolaires. De plus, Jeunesse au Soleil entretient depuis 1998 des liens avec des partenaires du secteur de la sant\u00e9 et des services sociaux (Centre hospitalier universitaire Sainte-Justine, H\u00f4pital de Montr\u00e9al pour enfants-Centre universtaire de sant\u00e9 McGill, le Centre jeunesse de Montr\u00e9al-Institut universitaire et les Centres de la jeunesse et de la famille Batshaw) qui travaillent aupr\u00e8s des enfants et de leurs familles et des \u00e9tablissements d\u2019enseignement.<\/p>\n<p style=\"text-align: justify;\">L\u2019\u00c9glise Unie Mountainside et Jeunesse au Soleil souhaitent remercier du fond du c\u0153ur pour leur appui tous ceux qui ont assist\u00e9 au concert b\u00e9n\u00e9fice de m\u00eame que tous les b\u00e9n\u00e9voles qui ont donn\u00e9 g\u00e9n\u00e9reusement de leur temps et gr\u00e2ce auxquels cet \u00e9v\u00e9nement a pu avoir lieu. Sans oublier les jeunes talents et les jeunes de c\u0153ur pour leur performance \u00e9poustouflante et pour le temps et l\u2019\u00e9nergie qu\u2019ils ont consacr\u00e9s pour venir en aide \u00e0 leurs pairs!<\/p>\n","protected":false},"excerpt":{"rendered":"<p>Le 16 avril dernier, l\u2019\u00c9glise Unie Mountainside a tenu son concert b\u00e9n\u00e9fice au profit de Jeunesse au Soleil. Pour une cinqui\u00e8me ann\u00e9e&#8230;<\/p>\n","protected":false},"author":32,"featured_media":152825,"comment_status":"open","ping_status":"open","sticky":false,"template":"","format":"standard","meta":{"_acf_changed":false,"_monsterinsights_skip_tracking":false,"_monsterinsights_sitenote_active":false,"_monsterinsights_sitenote_note":"","_monsterinsights_sitenote_category":0,"footnotes":""},"categories":[270],"tags":[],"class_list":{"0":"post-151876","1":"post","2":"type-post","3":"status-publish","4":"format-standard","5":"has-post-thumbnail","7":"category-uncategorized"},"acf":[],"yoast_head":"<!-- This site is optimized with the Yoast SEO plugin v27.4 - https:\/\/yoast.com\/product\/yoast-seo-wordpress\/ -->\n<title>En Harmonie 4 Kids: haut en couleurs! - Jeunesse au soleil<\/title>\n<meta name=\"robots\" content=\"index, follow, max-snippet:-1, max-image-preview:large, max-video-preview:-1\" \/>\n<link rel=\"canonical\" href=\"https:\/\/sunyouth.org\/fr\/en-harmonie-4-kids-haut-en-couleurs\/\" \/>\n<meta property=\"og:locale\" content=\"fr_FR\" \/>\n<meta property=\"og:type\" content=\"article\" \/>\n<meta property=\"og:title\" content=\"En Harmonie 4 Kids: haut en couleurs! - Jeunesse au soleil\" \/>\n<meta property=\"og:description\" content=\"Le 16 avril dernier, l\u2019\u00c9glise Unie Mountainside a tenu son concert b\u00e9n\u00e9fice au profit de Jeunesse au Soleil. Pour une cinqui\u00e8me ann\u00e9e...\" \/>\n<meta property=\"og:url\" content=\"https:\/\/sunyouth.org\/fr\/en-harmonie-4-kids-haut-en-couleurs\/\" \/>\n<meta property=\"og:site_name\" content=\"Jeunesse au soleil\" \/>\n<meta property=\"article:published_time\" content=\"2016-05-04T11:17:32+00:00\" \/>\n<meta property=\"og:image\" content=\"https:\/\/sunyouth.org\/wp-content\/uploads\/2018\/10\/1H1A5388.jpg\" \/>\n\t<meta property=\"og:image:width\" content=\"150\" \/>\n\t<meta property=\"og:image:height\" content=\"150\" \/>\n\t<meta property=\"og:image:type\" content=\"image\/jpeg\" \/>\n<meta name=\"author\" content=\"ann.st.arnaud@jas-sy.org\" \/>\n<meta name=\"twitter:card\" content=\"summary_large_image\" \/>\n<meta name=\"twitter:label1\" content=\"\u00c9crit par\" \/>\n\t<meta name=\"twitter:data1\" content=\"ann.st.arnaud@jas-sy.org\" \/>\n\t<meta name=\"twitter:label2\" content=\"Dur\u00e9e de lecture estim\u00e9e\" \/>\n\t<meta name=\"twitter:data2\" content=\"3 minutes\" \/>\n<script type=\"application\/ld+json\" class=\"yoast-schema-graph\">{\"@context\":\"https:\\\/\\\/schema.org\",\"@graph\":[{\"@type\":\"Article\",\"@id\":\"https:\\\/\\\/sunyouth.org\\\/fr\\\/en-harmonie-4-kids-haut-en-couleurs\\\/#article\",\"isPartOf\":{\"@id\":\"https:\\\/\\\/sunyouth.org\\\/fr\\\/en-harmonie-4-kids-haut-en-couleurs\\\/\"},\"author\":{\"name\":\"ann.st.arnaud@jas-sy.org\",\"@id\":\"https:\\\/\\\/sunyouth.org\\\/#\\\/schema\\\/person\\\/0d6c84a28140a8e150df2c482c74fd0b\"},\"headline\":\"En Harmonie 4 Kids: haut en couleurs!\",\"datePublished\":\"2016-05-04T11:17:32+00:00\",\"mainEntityOfPage\":{\"@id\":\"https:\\\/\\\/sunyouth.org\\\/fr\\\/en-harmonie-4-kids-haut-en-couleurs\\\/\"},\"wordCount\":545,\"commentCount\":0,\"publisher\":{\"@id\":\"https:\\\/\\\/sunyouth.org\\\/#organization\"},\"image\":{\"@id\":\"https:\\\/\\\/sunyouth.org\\\/fr\\\/en-harmonie-4-kids-haut-en-couleurs\\\/#primaryimage\"},\"thumbnailUrl\":\"https:\\\/\\\/sunyouth.org\\\/wp-content\\\/uploads\\\/2018\\\/10\\\/1H1A5388.jpg\",\"articleSection\":[\"Uncategorized\"],\"inLanguage\":\"fr-FR\"},{\"@type\":\"WebPage\",\"@id\":\"https:\\\/\\\/sunyouth.org\\\/fr\\\/en-harmonie-4-kids-haut-en-couleurs\\\/\",\"url\":\"https:\\\/\\\/sunyouth.org\\\/fr\\\/en-harmonie-4-kids-haut-en-couleurs\\\/\",\"name\":\"En Harmonie 4 Kids: haut en couleurs! - Jeunesse au soleil\",\"isPartOf\":{\"@id\":\"https:\\\/\\\/sunyouth.org\\\/#website\"},\"primaryImageOfPage\":{\"@id\":\"https:\\\/\\\/sunyouth.org\\\/fr\\\/en-harmonie-4-kids-haut-en-couleurs\\\/#primaryimage\"},\"image\":{\"@id\":\"https:\\\/\\\/sunyouth.org\\\/fr\\\/en-harmonie-4-kids-haut-en-couleurs\\\/#primaryimage\"},\"thumbnailUrl\":\"https:\\\/\\\/sunyouth.org\\\/wp-content\\\/uploads\\\/2018\\\/10\\\/1H1A5388.jpg\",\"datePublished\":\"2016-05-04T11:17:32+00:00\",\"breadcrumb\":{\"@id\":\"https:\\\/\\\/sunyouth.org\\\/fr\\\/en-harmonie-4-kids-haut-en-couleurs\\\/#breadcrumb\"},\"inLanguage\":\"fr-FR\",\"potentialAction\":[{\"@type\":\"ReadAction\",\"target\":[\"https:\\\/\\\/sunyouth.org\\\/fr\\\/en-harmonie-4-kids-haut-en-couleurs\\\/\"]}]},{\"@type\":\"ImageObject\",\"inLanguage\":\"fr-FR\",\"@id\":\"https:\\\/\\\/sunyouth.org\\\/fr\\\/en-harmonie-4-kids-haut-en-couleurs\\\/#primaryimage\",\"url\":\"https:\\\/\\\/sunyouth.org\\\/wp-content\\\/uploads\\\/2018\\\/10\\\/1H1A5388.jpg\",\"contentUrl\":\"https:\\\/\\\/sunyouth.org\\\/wp-content\\\/uploads\\\/2018\\\/10\\\/1H1A5388.jpg\",\"width\":150,\"height\":150},{\"@type\":\"BreadcrumbList\",\"@id\":\"https:\\\/\\\/sunyouth.org\\\/fr\\\/en-harmonie-4-kids-haut-en-couleurs\\\/#breadcrumb\",\"itemListElement\":[{\"@type\":\"ListItem\",\"position\":1,\"name\":\"Home\",\"item\":\"https:\\\/\\\/sunyouth.org\\\/fr\\\/\"},{\"@type\":\"ListItem\",\"position\":2,\"name\":\"En Harmonie 4 Kids: haut en couleurs!\"}]},{\"@type\":\"WebSite\",\"@id\":\"https:\\\/\\\/sunyouth.org\\\/#website\",\"url\":\"https:\\\/\\\/sunyouth.org\\\/\",\"name\":\"Jeunesse au soleil\",\"description\":\"Dedicated since 1954!\",\"publisher\":{\"@id\":\"https:\\\/\\\/sunyouth.org\\\/#organization\"},\"potentialAction\":[{\"@type\":\"SearchAction\",\"target\":{\"@type\":\"EntryPoint\",\"urlTemplate\":\"https:\\\/\\\/sunyouth.org\\\/?s={search_term_string}\"},\"query-input\":{\"@type\":\"PropertyValueSpecification\",\"valueRequired\":true,\"valueName\":\"search_term_string\"}}],\"inLanguage\":\"fr-FR\"},{\"@type\":\"Organization\",\"@id\":\"https:\\\/\\\/sunyouth.org\\\/#organization\",\"name\":\"SUN YOUTH\",\"url\":\"https:\\\/\\\/sunyouth.org\\\/\",\"logo\":{\"@type\":\"ImageObject\",\"inLanguage\":\"fr-FR\",\"@id\":\"https:\\\/\\\/sunyouth.org\\\/#\\\/schema\\\/logo\\\/image\\\/\",\"url\":\"https:\\\/\\\/sunyouth.org\\\/wp-content\\\/uploads\\\/2018\\\/11\\\/LOGO-SUNYOUTH.png\",\"contentUrl\":\"https:\\\/\\\/sunyouth.org\\\/wp-content\\\/uploads\\\/2018\\\/11\\\/LOGO-SUNYOUTH.png\",\"width\":251,\"height\":251,\"caption\":\"SUN YOUTH\"},\"image\":{\"@id\":\"https:\\\/\\\/sunyouth.org\\\/#\\\/schema\\\/logo\\\/image\\\/\"}},{\"@type\":\"Person\",\"@id\":\"https:\\\/\\\/sunyouth.org\\\/#\\\/schema\\\/person\\\/0d6c84a28140a8e150df2c482c74fd0b\",\"name\":\"ann.st.arnaud@jas-sy.org\",\"image\":{\"@type\":\"ImageObject\",\"inLanguage\":\"fr-FR\",\"@id\":\"https:\\\/\\\/secure.gravatar.com\\\/avatar\\\/6ad1a3e4c02bf673e549a3e6da94cbd3bd1e56a7895fda73a75f017ff717f16b?s=96&d=mm&r=g\",\"url\":\"https:\\\/\\\/secure.gravatar.com\\\/avatar\\\/6ad1a3e4c02bf673e549a3e6da94cbd3bd1e56a7895fda73a75f017ff717f16b?s=96&d=mm&r=g\",\"contentUrl\":\"https:\\\/\\\/secure.gravatar.com\\\/avatar\\\/6ad1a3e4c02bf673e549a3e6da94cbd3bd1e56a7895fda73a75f017ff717f16b?s=96&d=mm&r=g\",\"caption\":\"ann.st.arnaud@jas-sy.org\"}}]}<\/script>\n<!-- \/ Yoast SEO plugin. -->","yoast_head_json":{"title":"En Harmonie 4 Kids: haut en couleurs! - Jeunesse au soleil","robots":{"index":"index","follow":"follow","max-snippet":"max-snippet:-1","max-image-preview":"max-image-preview:large","max-video-preview":"max-video-preview:-1"},"canonical":"https:\/\/sunyouth.org\/fr\/en-harmonie-4-kids-haut-en-couleurs\/","og_locale":"fr_FR","og_type":"article","og_title":"En Harmonie 4 Kids: haut en couleurs! - Jeunesse au soleil","og_description":"Le 16 avril dernier, l\u2019\u00c9glise Unie Mountainside a tenu son concert b\u00e9n\u00e9fice au profit de Jeunesse au Soleil. Pour une cinqui\u00e8me ann\u00e9e...","og_url":"https:\/\/sunyouth.org\/fr\/en-harmonie-4-kids-haut-en-couleurs\/","og_site_name":"Jeunesse au soleil","article_published_time":"2016-05-04T11:17:32+00:00","og_image":[{"width":150,"height":150,"url":"https:\/\/sunyouth.org\/wp-content\/uploads\/2018\/10\/1H1A5388.jpg","type":"image\/jpeg"}],"author":"ann.st.arnaud@jas-sy.org","twitter_card":"summary_large_image","twitter_misc":{"\u00c9crit par":"ann.st.arnaud@jas-sy.org","Dur\u00e9e de lecture estim\u00e9e":"3 minutes"},"schema":{"@context":"https:\/\/schema.org","@graph":[{"@type":"Article","@id":"https:\/\/sunyouth.org\/fr\/en-harmonie-4-kids-haut-en-couleurs\/#article","isPartOf":{"@id":"https:\/\/sunyouth.org\/fr\/en-harmonie-4-kids-haut-en-couleurs\/"},"author":{"name":"ann.st.arnaud@jas-sy.org","@id":"https:\/\/sunyouth.org\/#\/schema\/person\/0d6c84a28140a8e150df2c482c74fd0b"},"headline":"En Harmonie 4 Kids: haut en couleurs!","datePublished":"2016-05-04T11:17:32+00:00","mainEntityOfPage":{"@id":"https:\/\/sunyouth.org\/fr\/en-harmonie-4-kids-haut-en-couleurs\/"},"wordCount":545,"commentCount":0,"publisher":{"@id":"https:\/\/sunyouth.org\/#organization"},"image":{"@id":"https:\/\/sunyouth.org\/fr\/en-harmonie-4-kids-haut-en-couleurs\/#primaryimage"},"thumbnailUrl":"https:\/\/sunyouth.org\/wp-content\/uploads\/2018\/10\/1H1A5388.jpg","articleSection":["Uncategorized"],"inLanguage":"fr-FR"},{"@type":"WebPage","@id":"https:\/\/sunyouth.org\/fr\/en-harmonie-4-kids-haut-en-couleurs\/","url":"https:\/\/sunyouth.org\/fr\/en-harmonie-4-kids-haut-en-couleurs\/","name":"En Harmonie 4 Kids: haut en couleurs! - Jeunesse au soleil","isPartOf":{"@id":"https:\/\/sunyouth.org\/#website"},"primaryImageOfPage":{"@id":"https:\/\/sunyouth.org\/fr\/en-harmonie-4-kids-haut-en-couleurs\/#primaryimage"},"image":{"@id":"https:\/\/sunyouth.org\/fr\/en-harmonie-4-kids-haut-en-couleurs\/#primaryimage"},"thumbnailUrl":"https:\/\/sunyouth.org\/wp-content\/uploads\/2018\/10\/1H1A5388.jpg","datePublished":"2016-05-04T11:17:32+00:00","breadcrumb":{"@id":"https:\/\/sunyouth.org\/fr\/en-harmonie-4-kids-haut-en-couleurs\/#breadcrumb"},"inLanguage":"fr-FR","potentialAction":[{"@type":"ReadAction","target":["https:\/\/sunyouth.org\/fr\/en-harmonie-4-kids-haut-en-couleurs\/"]}]},{"@type":"ImageObject","inLanguage":"fr-FR","@id":"https:\/\/sunyouth.org\/fr\/en-harmonie-4-kids-haut-en-couleurs\/#primaryimage","url":"https:\/\/sunyouth.org\/wp-content\/uploads\/2018\/10\/1H1A5388.jpg","contentUrl":"https:\/\/sunyouth.org\/wp-content\/uploads\/2018\/10\/1H1A5388.jpg","width":150,"height":150},{"@type":"BreadcrumbList","@id":"https:\/\/sunyouth.org\/fr\/en-harmonie-4-kids-haut-en-couleurs\/#breadcrumb","itemListElement":[{"@type":"ListItem","position":1,"name":"Home","item":"https:\/\/sunyouth.org\/fr\/"},{"@type":"ListItem","position":2,"name":"En Harmonie 4 Kids: haut en couleurs!"}]},{"@type":"WebSite","@id":"https:\/\/sunyouth.org\/#website","url":"https:\/\/sunyouth.org\/","name":"Jeunesse au soleil","description":"Dedicated since 1954!","publisher":{"@id":"https:\/\/sunyouth.org\/#organization"},"potentialAction":[{"@type":"SearchAction","target":{"@type":"EntryPoint","urlTemplate":"https:\/\/sunyouth.org\/?s={search_term_string}"},"query-input":{"@type":"PropertyValueSpecification","valueRequired":true,"valueName":"search_term_string"}}],"inLanguage":"fr-FR"},{"@type":"Organization","@id":"https:\/\/sunyouth.org\/#organization","name":"SUN YOUTH","url":"https:\/\/sunyouth.org\/","logo":{"@type":"ImageObject","inLanguage":"fr-FR","@id":"https:\/\/sunyouth.org\/#\/schema\/logo\/image\/","url":"https:\/\/sunyouth.org\/wp-content\/uploads\/2018\/11\/LOGO-SUNYOUTH.png","contentUrl":"https:\/\/sunyouth.org\/wp-content\/uploads\/2018\/11\/LOGO-SUNYOUTH.png","width":251,"height":251,"caption":"SUN YOUTH"},"image":{"@id":"https:\/\/sunyouth.org\/#\/schema\/logo\/image\/"}},{"@type":"Person","@id":"https:\/\/sunyouth.org\/#\/schema\/person\/0d6c84a28140a8e150df2c482c74fd0b","name":"ann.st.arnaud@jas-sy.org","image":{"@type":"ImageObject","inLanguage":"fr-FR","@id":"https:\/\/secure.gravatar.com\/avatar\/6ad1a3e4c02bf673e549a3e6da94cbd3bd1e56a7895fda73a75f017ff717f16b?s=96&d=mm&r=g","url":"https:\/\/secure.gravatar.com\/avatar\/6ad1a3e4c02bf673e549a3e6da94cbd3bd1e56a7895fda73a75f017ff717f16b?s=96&d=mm&r=g","contentUrl":"https:\/\/secure.gravatar.com\/avatar\/6ad1a3e4c02bf673e549a3e6da94cbd3bd1e56a7895fda73a75f017ff717f16b?s=96&d=mm&r=g","caption":"ann.st.arnaud@jas-sy.org"}}]}},"menu_order":254,"_links":{"self":[{"href":"https:\/\/sunyouth.org\/fr\/wp-json\/wp\/v2\/posts\/151876","targetHints":{"allow":["GET"]}}],"collection":[{"href":"https:\/\/sunyouth.org\/fr\/wp-json\/wp\/v2\/posts"}],"about":[{"href":"https:\/\/sunyouth.org\/fr\/wp-json\/wp\/v2\/types\/post"}],"author":[{"embeddable":true,"href":"https:\/\/sunyouth.org\/fr\/wp-json\/wp\/v2\/users\/32"}],"replies":[{"embeddable":true,"href":"https:\/\/sunyouth.org\/fr\/wp-json\/wp\/v2\/comments?post=151876"}],"version-history":[{"count":0,"href":"https:\/\/sunyouth.org\/fr\/wp-json\/wp\/v2\/posts\/151876\/revisions"}],"wp:featuredmedia":[{"embeddable":true,"href":"https:\/\/sunyouth.org\/fr\/wp-json\/wp\/v2\/media\/152825"}],"wp:attachment":[{"href":"https:\/\/sunyouth.org\/fr\/wp-json\/wp\/v2\/media?parent=151876"}],"wp:term":[{"taxonomy":"category","embeddable":true,"href":"https:\/\/sunyouth.org\/fr\/wp-json\/wp\/v2\/categories?post=151876"},{"taxonomy":"post_tag","embeddable":true,"href":"https:\/\/sunyouth.org\/fr\/wp-json\/wp\/v2\/tags?post=151876"}],"curies":[{"name":"wp","href":"https:\/\/api.w.org\/{rel}","templated":true}]}}