{"id":151860,"date":"2016-03-02T10:33:29","date_gmt":"2016-03-02T10:33:29","guid":{"rendered":"https:\/\/sunyouth.org\/distribution-de-velos-neufs-2\/"},"modified":"2016-03-02T10:33:29","modified_gmt":"2016-03-02T10:33:29","slug":"distribution-de-velos-neufs-2","status":"publish","type":"post","link":"https:\/\/sunyouth.org\/fr\/distribution-de-velos-neufs-2\/","title":{"rendered":"Distribution de v\u00e9los neufs"},"content":{"rendered":"<p>La 32e distribution annuelle de v\u00e9los neufs est de retour!<\/p>\n<h4><strong><span style=\"font-family: Times New Roman; font-size: medium;\">Comment participer?<\/span><\/strong><\/h4>\n<p style=\"text-align: justify;\"><span style=\"font-family: Times New Roman; font-size: medium;\">Vous connaissez un jeune de la r\u00e9gion du Grand Montr\u00e9al, \u00e2g\u00e9 de 3 \u00e0 17 ans, qui a pos\u00e9 un geste qui m\u00e9rite d\u2019\u00eatre soulign\u00e9? Pour le r\u00e9compenser d\u2019un v\u00e9lo neuf, d\u2019un casque protecteur et d\u2019un cadenas, nous avons besoin de conna\u00eetre le nom de l\u2019enfant, son \u00e2ge, son contexte familial et un bref r\u00e9sum\u00e9 des gestes, actions ou situations qui vous ont port\u00e9 \u00e0 soumettre son nom. Veuillez bien aussi indiquer votre nom et votre num\u00e9ro de t\u00e9l\u00e9phone afin que nous puissions communiquer avec vous.<\/span><\/p>\n<p style=\"text-align: justify;\"><span style=\"font-family: Times New Roman; font-size: medium;\">Les demandes doivent \u00eatre faites par \u00e9crit, \u00e0 l&rsquo;aide du <\/span><span style=\"color: #272727; font-family: Times New Roman; font-size: medium;\">formulaire<\/span><span style=\"font-family: Times New Roman; font-size: medium;\"> \u00e0 cette fin et \u00eatre achemin\u00e9es par la poste (Comit\u00e9 de s\u00e9lection des bicyclettes &#8211; 4251, St-Urbain &#8211; Montr\u00e9al, QC H2W 1V6), par t\u00e9l\u00e9copieur (514-842-5241) ou par courriel \u00e0 l&rsquo;adresse bicyclettebike@sunyouthorg.com.<br \/>\n<\/span><\/p>\n<h4><strong><a href=\"\/fr\/services\/urgence\/distribution-de-bicyclettes\/\"><span style=\"font-family: Times New Roman; font-size: medium;\"><span id=\"result_box\" class=\"short_text\" lang=\"fr\"><span class=\"hps\">Pour<\/span> <span class=\"hps\">le formulaire de demande en ligne<\/span>, cliquez ici.<\/span><\/span><\/a><\/strong><\/h4>\n<p><span style=\"font-family: Times New Roman; font-size: medium;\">Attention, la <\/span><strong><span style=\"font-family: Times New Roman; font-size: medium;\">date limite <\/span><\/strong><span style=\"font-family: Times New Roman; font-size: medium;\">de d\u00e9p\u00f4t des candidatures est le <\/span><strong><span style=\"font-family: Times New Roman; font-size: medium;\">31 mars 2016. <\/span><\/strong><\/p>\n<p style=\"text-align: justify;\"><span style=\"font-family: Times New Roman; font-size: medium;\">Au cours des semaines suivantes, quelque 90 candidatures seront s\u00e9lectionn\u00e9es parmi celles qui auront \u00e9t\u00e9 soumises. Lors d\u2019une c\u00e9r\u00e9monie de remise ayant lieu \u00e0 la fin mai et soulignant le 91e anniversaire de naissance de <\/span><strong><span style=\"font-family: Times New Roman; font-size: medium;\">Monsieur V\u00e9lo<\/span><\/strong><span style=\"font-family: Times New Roman; font-size: medium;\">, le donateur anonyme qui soutient ce programme, un hommage sera rendu \u00e0 nos jeunes h\u00e9ros. Depuis 32 ans, gr\u00e2ce \u00e0 ce bienfaiteur, Jeunesse au Soleil a pu r\u00e9compenser des jeunes qui le m\u00e9ritent en remettant plus de 1 300 bicyclettes neuves.<\/span><\/p>\n<p style=\"text-align: justify;\"><span style=\"font-family: Times New Roman; font-size: medium;\">La 32e distribution annuelle de v\u00e9los neufs est de retour ! Ces v\u00e9los seront remis \u00e0 des jeunes qui ont pos\u00e9 un geste positif dans leur communaut\u00e9 ou \u00e0 des jeunes qui ont d\u00e9montr\u00e9 un courage exceptionnel dans des situations difficiles. Si vous connaissez un jeune qui s&rsquo;est ainsi d\u00e9marqu\u00e9, transmettez-nous son histoire !<br \/>\n<\/span><\/p>\n<p><img src=\"https:\/\/sunyouth.org\/wp-content\/uploads\/2018\/10\/img3.jpg\" \/><\/p>\n","protected":false},"excerpt":{"rendered":"<p>La 32e distribution annuelle de v\u00e9los neufs est de retour! Comment participer? Vous connaissez un jeune de la r\u00e9gion du Grand Montr\u00e9al,&#8230;<\/p>\n","protected":false},"author":12,"featured_media":152653,"comment_status":"open","ping_status":"open","sticky":false,"template":"","format":"standard","meta":{"_acf_changed":false,"_monsterinsights_skip_tracking":false,"_monsterinsights_sitenote_active":false,"_monsterinsights_sitenote_note":"","_monsterinsights_sitenote_category":0,"footnotes":""},"categories":[562],"tags":[],"class_list":{"0":"post-151860","1":"post","2":"type-post","3":"status-publish","4":"format-standard","5":"has-post-thumbnail","7":"category-a-propos"},"acf":[],"yoast_head":"<!-- This site is optimized with the Yoast SEO plugin v27.4 - https:\/\/yoast.com\/product\/yoast-seo-wordpress\/ -->\n<title>Distribution de v\u00e9los neufs - Jeunesse au soleil<\/title>\n<meta name=\"robots\" content=\"index, follow, max-snippet:-1, max-image-preview:large, max-video-preview:-1\" \/>\n<link rel=\"canonical\" href=\"https:\/\/sunyouth.org\/fr\/distribution-de-velos-neufs-2\/\" \/>\n<meta property=\"og:locale\" content=\"fr_FR\" \/>\n<meta property=\"og:type\" content=\"article\" \/>\n<meta property=\"og:title\" content=\"Distribution de v\u00e9los neufs - Jeunesse au soleil\" \/>\n<meta property=\"og:description\" content=\"La 32e distribution annuelle de v\u00e9los neufs est de retour! Comment participer? Vous connaissez un jeune de la r\u00e9gion du Grand Montr\u00e9al,...\" \/>\n<meta property=\"og:url\" content=\"https:\/\/sunyouth.org\/fr\/distribution-de-velos-neufs-2\/\" \/>\n<meta property=\"og:site_name\" content=\"Jeunesse au soleil\" \/>\n<meta property=\"article:published_time\" content=\"2016-03-02T10:33:29+00:00\" \/>\n<meta property=\"og:image\" content=\"https:\/\/sunyouth.org\/wp-content\/uploads\/2018\/10\/img3.jpg\" \/>\n\t<meta property=\"og:image:width\" content=\"960\" \/>\n\t<meta property=\"og:image:height\" content=\"220\" \/>\n\t<meta property=\"og:image:type\" content=\"image\/jpeg\" \/>\n<meta name=\"author\" content=\"annsyo\" \/>\n<meta name=\"twitter:card\" content=\"summary_large_image\" \/>\n<meta name=\"twitter:label1\" content=\"\u00c9crit par\" \/>\n\t<meta name=\"twitter:data1\" content=\"annsyo\" \/>\n\t<meta name=\"twitter:label2\" content=\"Dur\u00e9e de lecture estim\u00e9e\" \/>\n\t<meta name=\"twitter:data2\" content=\"2 minutes\" \/>\n<script type=\"application\/ld+json\" class=\"yoast-schema-graph\">{\"@context\":\"https:\\\/\\\/schema.org\",\"@graph\":[{\"@type\":\"Article\",\"@id\":\"https:\\\/\\\/sunyouth.org\\\/fr\\\/distribution-de-velos-neufs-2\\\/#article\",\"isPartOf\":{\"@id\":\"https:\\\/\\\/sunyouth.org\\\/fr\\\/distribution-de-velos-neufs-2\\\/\"},\"author\":{\"name\":\"annsyo\",\"@id\":\"https:\\\/\\\/sunyouth.org\\\/#\\\/schema\\\/person\\\/b0259e8a83de4804e5f08b9602c8f043\"},\"headline\":\"Distribution de v\u00e9los neufs\",\"datePublished\":\"2016-03-02T10:33:29+00:00\",\"mainEntityOfPage\":{\"@id\":\"https:\\\/\\\/sunyouth.org\\\/fr\\\/distribution-de-velos-neufs-2\\\/\"},\"wordCount\":319,\"commentCount\":0,\"publisher\":{\"@id\":\"https:\\\/\\\/sunyouth.org\\\/#organization\"},\"image\":{\"@id\":\"https:\\\/\\\/sunyouth.org\\\/fr\\\/distribution-de-velos-neufs-2\\\/#primaryimage\"},\"thumbnailUrl\":\"https:\\\/\\\/sunyouth.org\\\/wp-content\\\/uploads\\\/2018\\\/10\\\/img3.jpg\",\"articleSection\":[\"\u00c0 propos\"],\"inLanguage\":\"fr-FR\"},{\"@type\":\"WebPage\",\"@id\":\"https:\\\/\\\/sunyouth.org\\\/fr\\\/distribution-de-velos-neufs-2\\\/\",\"url\":\"https:\\\/\\\/sunyouth.org\\\/fr\\\/distribution-de-velos-neufs-2\\\/\",\"name\":\"Distribution de v\u00e9los neufs - Jeunesse au soleil\",\"isPartOf\":{\"@id\":\"https:\\\/\\\/sunyouth.org\\\/#website\"},\"primaryImageOfPage\":{\"@id\":\"https:\\\/\\\/sunyouth.org\\\/fr\\\/distribution-de-velos-neufs-2\\\/#primaryimage\"},\"image\":{\"@id\":\"https:\\\/\\\/sunyouth.org\\\/fr\\\/distribution-de-velos-neufs-2\\\/#primaryimage\"},\"thumbnailUrl\":\"https:\\\/\\\/sunyouth.org\\\/wp-content\\\/uploads\\\/2018\\\/10\\\/img3.jpg\",\"datePublished\":\"2016-03-02T10:33:29+00:00\",\"breadcrumb\":{\"@id\":\"https:\\\/\\\/sunyouth.org\\\/fr\\\/distribution-de-velos-neufs-2\\\/#breadcrumb\"},\"inLanguage\":\"fr-FR\",\"potentialAction\":[{\"@type\":\"ReadAction\",\"target\":[\"https:\\\/\\\/sunyouth.org\\\/fr\\\/distribution-de-velos-neufs-2\\\/\"]}]},{\"@type\":\"ImageObject\",\"inLanguage\":\"fr-FR\",\"@id\":\"https:\\\/\\\/sunyouth.org\\\/fr\\\/distribution-de-velos-neufs-2\\\/#primaryimage\",\"url\":\"https:\\\/\\\/sunyouth.org\\\/wp-content\\\/uploads\\\/2018\\\/10\\\/img3.jpg\",\"contentUrl\":\"https:\\\/\\\/sunyouth.org\\\/wp-content\\\/uploads\\\/2018\\\/10\\\/img3.jpg\",\"width\":960,\"height\":220},{\"@type\":\"BreadcrumbList\",\"@id\":\"https:\\\/\\\/sunyouth.org\\\/fr\\\/distribution-de-velos-neufs-2\\\/#breadcrumb\",\"itemListElement\":[{\"@type\":\"ListItem\",\"position\":1,\"name\":\"Home\",\"item\":\"https:\\\/\\\/sunyouth.org\\\/fr\\\/\"},{\"@type\":\"ListItem\",\"position\":2,\"name\":\"Distribution de v\u00e9los neufs\"}]},{\"@type\":\"WebSite\",\"@id\":\"https:\\\/\\\/sunyouth.org\\\/#website\",\"url\":\"https:\\\/\\\/sunyouth.org\\\/\",\"name\":\"Jeunesse au soleil\",\"description\":\"Dedicated since 1954!\",\"publisher\":{\"@id\":\"https:\\\/\\\/sunyouth.org\\\/#organization\"},\"potentialAction\":[{\"@type\":\"SearchAction\",\"target\":{\"@type\":\"EntryPoint\",\"urlTemplate\":\"https:\\\/\\\/sunyouth.org\\\/?s={search_term_string}\"},\"query-input\":{\"@type\":\"PropertyValueSpecification\",\"valueRequired\":true,\"valueName\":\"search_term_string\"}}],\"inLanguage\":\"fr-FR\"},{\"@type\":\"Organization\",\"@id\":\"https:\\\/\\\/sunyouth.org\\\/#organization\",\"name\":\"SUN YOUTH\",\"url\":\"https:\\\/\\\/sunyouth.org\\\/\",\"logo\":{\"@type\":\"ImageObject\",\"inLanguage\":\"fr-FR\",\"@id\":\"https:\\\/\\\/sunyouth.org\\\/#\\\/schema\\\/logo\\\/image\\\/\",\"url\":\"https:\\\/\\\/sunyouth.org\\\/wp-content\\\/uploads\\\/2018\\\/11\\\/LOGO-SUNYOUTH.png\",\"contentUrl\":\"https:\\\/\\\/sunyouth.org\\\/wp-content\\\/uploads\\\/2018\\\/11\\\/LOGO-SUNYOUTH.png\",\"width\":251,\"height\":251,\"caption\":\"SUN YOUTH\"},\"image\":{\"@id\":\"https:\\\/\\\/sunyouth.org\\\/#\\\/schema\\\/logo\\\/image\\\/\"}},{\"@type\":\"Person\",\"@id\":\"https:\\\/\\\/sunyouth.org\\\/#\\\/schema\\\/person\\\/b0259e8a83de4804e5f08b9602c8f043\",\"name\":\"annsyo\",\"image\":{\"@type\":\"ImageObject\",\"inLanguage\":\"fr-FR\",\"@id\":\"https:\\\/\\\/secure.gravatar.com\\\/avatar\\\/9dc6ddf66fff71d6342b53076fb04addad583bc7c948b68a1f8f367a3a0cfb23?s=96&d=mm&r=g\",\"url\":\"https:\\\/\\\/secure.gravatar.com\\\/avatar\\\/9dc6ddf66fff71d6342b53076fb04addad583bc7c948b68a1f8f367a3a0cfb23?s=96&d=mm&r=g\",\"contentUrl\":\"https:\\\/\\\/secure.gravatar.com\\\/avatar\\\/9dc6ddf66fff71d6342b53076fb04addad583bc7c948b68a1f8f367a3a0cfb23?s=96&d=mm&r=g\",\"caption\":\"annsyo\"}}]}<\/script>\n<!-- \/ Yoast SEO plugin. -->","yoast_head_json":{"title":"Distribution de v\u00e9los neufs - Jeunesse au soleil","robots":{"index":"index","follow":"follow","max-snippet":"max-snippet:-1","max-image-preview":"max-image-preview:large","max-video-preview":"max-video-preview:-1"},"canonical":"https:\/\/sunyouth.org\/fr\/distribution-de-velos-neufs-2\/","og_locale":"fr_FR","og_type":"article","og_title":"Distribution de v\u00e9los neufs - Jeunesse au soleil","og_description":"La 32e distribution annuelle de v\u00e9los neufs est de retour! Comment participer? Vous connaissez un jeune de la r\u00e9gion du Grand Montr\u00e9al,...","og_url":"https:\/\/sunyouth.org\/fr\/distribution-de-velos-neufs-2\/","og_site_name":"Jeunesse au soleil","article_published_time":"2016-03-02T10:33:29+00:00","og_image":[{"width":960,"height":220,"url":"https:\/\/sunyouth.org\/wp-content\/uploads\/2018\/10\/img3.jpg","type":"image\/jpeg"}],"author":"annsyo","twitter_card":"summary_large_image","twitter_misc":{"\u00c9crit par":"annsyo","Dur\u00e9e de lecture estim\u00e9e":"2 minutes"},"schema":{"@context":"https:\/\/schema.org","@graph":[{"@type":"Article","@id":"https:\/\/sunyouth.org\/fr\/distribution-de-velos-neufs-2\/#article","isPartOf":{"@id":"https:\/\/sunyouth.org\/fr\/distribution-de-velos-neufs-2\/"},"author":{"name":"annsyo","@id":"https:\/\/sunyouth.org\/#\/schema\/person\/b0259e8a83de4804e5f08b9602c8f043"},"headline":"Distribution de v\u00e9los neufs","datePublished":"2016-03-02T10:33:29+00:00","mainEntityOfPage":{"@id":"https:\/\/sunyouth.org\/fr\/distribution-de-velos-neufs-2\/"},"wordCount":319,"commentCount":0,"publisher":{"@id":"https:\/\/sunyouth.org\/#organization"},"image":{"@id":"https:\/\/sunyouth.org\/fr\/distribution-de-velos-neufs-2\/#primaryimage"},"thumbnailUrl":"https:\/\/sunyouth.org\/wp-content\/uploads\/2018\/10\/img3.jpg","articleSection":["\u00c0 propos"],"inLanguage":"fr-FR"},{"@type":"WebPage","@id":"https:\/\/sunyouth.org\/fr\/distribution-de-velos-neufs-2\/","url":"https:\/\/sunyouth.org\/fr\/distribution-de-velos-neufs-2\/","name":"Distribution de v\u00e9los neufs - Jeunesse au soleil","isPartOf":{"@id":"https:\/\/sunyouth.org\/#website"},"primaryImageOfPage":{"@id":"https:\/\/sunyouth.org\/fr\/distribution-de-velos-neufs-2\/#primaryimage"},"image":{"@id":"https:\/\/sunyouth.org\/fr\/distribution-de-velos-neufs-2\/#primaryimage"},"thumbnailUrl":"https:\/\/sunyouth.org\/wp-content\/uploads\/2018\/10\/img3.jpg","datePublished":"2016-03-02T10:33:29+00:00","breadcrumb":{"@id":"https:\/\/sunyouth.org\/fr\/distribution-de-velos-neufs-2\/#breadcrumb"},"inLanguage":"fr-FR","potentialAction":[{"@type":"ReadAction","target":["https:\/\/sunyouth.org\/fr\/distribution-de-velos-neufs-2\/"]}]},{"@type":"ImageObject","inLanguage":"fr-FR","@id":"https:\/\/sunyouth.org\/fr\/distribution-de-velos-neufs-2\/#primaryimage","url":"https:\/\/sunyouth.org\/wp-content\/uploads\/2018\/10\/img3.jpg","contentUrl":"https:\/\/sunyouth.org\/wp-content\/uploads\/2018\/10\/img3.jpg","width":960,"height":220},{"@type":"BreadcrumbList","@id":"https:\/\/sunyouth.org\/fr\/distribution-de-velos-neufs-2\/#breadcrumb","itemListElement":[{"@type":"ListItem","position":1,"name":"Home","item":"https:\/\/sunyouth.org\/fr\/"},{"@type":"ListItem","position":2,"name":"Distribution de v\u00e9los neufs"}]},{"@type":"WebSite","@id":"https:\/\/sunyouth.org\/#website","url":"https:\/\/sunyouth.org\/","name":"Jeunesse au soleil","description":"Dedicated since 1954!","publisher":{"@id":"https:\/\/sunyouth.org\/#organization"},"potentialAction":[{"@type":"SearchAction","target":{"@type":"EntryPoint","urlTemplate":"https:\/\/sunyouth.org\/?s={search_term_string}"},"query-input":{"@type":"PropertyValueSpecification","valueRequired":true,"valueName":"search_term_string"}}],"inLanguage":"fr-FR"},{"@type":"Organization","@id":"https:\/\/sunyouth.org\/#organization","name":"SUN YOUTH","url":"https:\/\/sunyouth.org\/","logo":{"@type":"ImageObject","inLanguage":"fr-FR","@id":"https:\/\/sunyouth.org\/#\/schema\/logo\/image\/","url":"https:\/\/sunyouth.org\/wp-content\/uploads\/2018\/11\/LOGO-SUNYOUTH.png","contentUrl":"https:\/\/sunyouth.org\/wp-content\/uploads\/2018\/11\/LOGO-SUNYOUTH.png","width":251,"height":251,"caption":"SUN YOUTH"},"image":{"@id":"https:\/\/sunyouth.org\/#\/schema\/logo\/image\/"}},{"@type":"Person","@id":"https:\/\/sunyouth.org\/#\/schema\/person\/b0259e8a83de4804e5f08b9602c8f043","name":"annsyo","image":{"@type":"ImageObject","inLanguage":"fr-FR","@id":"https:\/\/secure.gravatar.com\/avatar\/9dc6ddf66fff71d6342b53076fb04addad583bc7c948b68a1f8f367a3a0cfb23?s=96&d=mm&r=g","url":"https:\/\/secure.gravatar.com\/avatar\/9dc6ddf66fff71d6342b53076fb04addad583bc7c948b68a1f8f367a3a0cfb23?s=96&d=mm&r=g","contentUrl":"https:\/\/secure.gravatar.com\/avatar\/9dc6ddf66fff71d6342b53076fb04addad583bc7c948b68a1f8f367a3a0cfb23?s=96&d=mm&r=g","caption":"annsyo"}}]}},"menu_order":266,"_links":{"self":[{"href":"https:\/\/sunyouth.org\/fr\/wp-json\/wp\/v2\/posts\/151860","targetHints":{"allow":["GET"]}}],"collection":[{"href":"https:\/\/sunyouth.org\/fr\/wp-json\/wp\/v2\/posts"}],"about":[{"href":"https:\/\/sunyouth.org\/fr\/wp-json\/wp\/v2\/types\/post"}],"author":[{"embeddable":true,"href":"https:\/\/sunyouth.org\/fr\/wp-json\/wp\/v2\/users\/12"}],"replies":[{"embeddable":true,"href":"https:\/\/sunyouth.org\/fr\/wp-json\/wp\/v2\/comments?post=151860"}],"version-history":[{"count":0,"href":"https:\/\/sunyouth.org\/fr\/wp-json\/wp\/v2\/posts\/151860\/revisions"}],"wp:featuredmedia":[{"embeddable":true,"href":"https:\/\/sunyouth.org\/fr\/wp-json\/wp\/v2\/media\/152653"}],"wp:attachment":[{"href":"https:\/\/sunyouth.org\/fr\/wp-json\/wp\/v2\/media?parent=151860"}],"wp:term":[{"taxonomy":"category","embeddable":true,"href":"https:\/\/sunyouth.org\/fr\/wp-json\/wp\/v2\/categories?post=151860"},{"taxonomy":"post_tag","embeddable":true,"href":"https:\/\/sunyouth.org\/fr\/wp-json\/wp\/v2\/tags?post=151860"}],"curies":[{"name":"wp","href":"https:\/\/api.w.org\/{rel}","templated":true}]}}